{"id":537731,"date":"2025-11-16T08:06:17","date_gmt":"2025-11-16T08:06:17","guid":{"rendered":"https:\/\/www.europesays.com\/fr\/537731\/"},"modified":"2025-11-16T08:06:17","modified_gmt":"2025-11-16T08:06:17","slug":"des-expos-photos-dans-les-galeries-de-nos-quartiers-de-marseille","status":"publish","type":"post","link":"https:\/\/www.europesays.com\/fr\/537731\/","title":{"rendered":"Des expos photos dans les galeries de nos quartiers de Marseille"},"content":{"rendered":"<p>Plusieurs expos photos sont organis\u00e9es dans divers lieux de Marseille. Voici un tour d&rsquo;horizon.<\/p>\n<p>\u00ab\u00a0Rades\u00a0\u00bb et \u00ab\u00a0Restos Routiers\u00a0\u00bb de Guillaume Blot \u00e0 la Galerie Faces (7e)<\/p>\n<p>Guillaume Blot a transpos\u00e9 l\u2019imaginaire du road trip am\u00e9ricain sur les routes fran\u00e7aises. Depuis\u00a02018, il parcourt l\u2019Hexagone dans un van am\u00e9nag\u00e9, \u00e0 la recherche de petites communes, pour y capturer l\u2019ordinaire avec une esth\u00e9tique et une po\u00e9sie brute. Les couleurs se m\u00ealent \u00e0 l\u2019humour, toujours bienveillant. Son travail a d\u00e9marr\u00e9 par la s\u00e9rie Rades (qui fait l\u2019objet aussi d\u2019un livre chez Gallimard Collection Ho\u00ebbeke), un tour de France des bistrots en voie de disparition. \u00ab\u00a0Je m\u2019arr\u00eatais d\u00e8s que je voyais, dans un village, un caf\u00e9 authentique, avec une \u00e2me, pour rencontrer les patrons et les patronnes\u00a0\u00bb, explique le photographe de 36\u00a0ans d\u2019origine nantaise et qui vit \u00e0 Paris.<\/p>\n<p>L\u2019id\u00e9e des Restos Routiers (un livre dans la m\u00eame collection) est venue en m\u00eame temps. \u00ab\u00a0Au lieu de manger seul le soir, j\u2019ai commenc\u00e9 \u00e0 m\u2019int\u00e9resser aux relais routiers.\u00a0\u00bb Une activit\u00e9 elle aussi en perte de vitesse et qui demande \u00ab\u00a0du courage\u00a0\u00bb avec un lever \u00e0 4\u00a0h du matin et des soir\u00e9es qui ne finissent pas avant minuit.<\/p>\n<p>Ces restos routiers \u00e9taient au&#8230;<\/p>\n","protected":false},"excerpt":{"rendered":"Plusieurs expos photos sont organis\u00e9es dans divers lieux de Marseille. Voici un tour d&rsquo;horizon. \u00ab\u00a0Rades\u00a0\u00bb et \u00ab\u00a0Restos Routiers\u00a0\u00bb&hellip;\n","protected":false},"author":2,"featured_media":537732,"comment_status":"","ping_status":"","sticky":false,"template":"","format":"standard","meta":{"footnotes":""},"categories":[2814],"tags":[17,1111,11,251,1446,154,1777,674,8202,1011,27,7455,151,884,12,852,2189,882,25],"class_list":{"0":"post-537731","1":"post","2":"type-post","3":"status-publish","4":"format-standard","5":"has-post-thumbnail","7":"category-marseille","8":"tag-17","9":"tag-actu","10":"tag-actualites","11":"tag-culture","12":"tag-dans","13":"tag-des","14":"tag-eu","15":"tag-europe","16":"tag-expos","17":"tag-fr","18":"tag-france","19":"tag-galeries","20":"tag-les","21":"tag-marseille","22":"tag-news","23":"tag-nos","24":"tag-photos","25":"tag-provence-alpes-cote-dazur","26":"tag-republique-francaise"},"share_on_mastodon":{"url":"https:\/\/pubeurope.com\/@fr\/115558349859696334","error":""},"_links":{"self":[{"href":"https:\/\/www.europesays.com\/fr\/wp-json\/wp\/v2\/posts\/537731","targetHints":{"allow":["GET"]}}],"collection":[{"href":"https:\/\/www.europesays.com\/fr\/wp-json\/wp\/v2\/posts"}],"about":[{"href":"https:\/\/www.europesays.com\/fr\/wp-json\/wp\/v2\/types\/post"}],"author":[{"embeddable":true,"href":"https:\/\/www.europesays.com\/fr\/wp-json\/wp\/v2\/users\/2"}],"replies":[{"embeddable":true,"href":"https:\/\/www.europesays.com\/fr\/wp-json\/wp\/v2\/comments?post=537731"}],"version-history":[{"count":0,"href":"https:\/\/www.europesays.com\/fr\/wp-json\/wp\/v2\/posts\/537731\/revisions"}],"wp:featuredmedia":[{"embeddable":true,"href":"https:\/\/www.europesays.com\/fr\/wp-json\/wp\/v2\/media\/537732"}],"wp:attachment":[{"href":"https:\/\/www.europesays.com\/fr\/wp-json\/wp\/v2\/media?parent=537731"}],"wp:term":[{"taxonomy":"category","embeddable":true,"href":"https:\/\/www.europesays.com\/fr\/wp-json\/wp\/v2\/categories?post=537731"},{"taxonomy":"post_tag","embeddable":true,"href":"https:\/\/www.europesays.com\/fr\/wp-json\/wp\/v2\/tags?post=537731"}],"curies":[{"name":"wp","href":"https:\/\/api.w.org\/{rel}","templated":true}]}}