{"id":537733,"date":"2025-11-16T08:07:12","date_gmt":"2025-11-16T08:07:12","guid":{"rendered":"https:\/\/www.europesays.com\/fr\/537733\/"},"modified":"2025-11-16T08:07:12","modified_gmt":"2025-11-16T08:07:12","slug":"le-23-novembre-1972-quand-pink-floyd-donnait-un-concert-avec-le-ballet-national-de-marseille","status":"publish","type":"post","link":"https:\/\/www.europesays.com\/fr\/537733\/","title":{"rendered":"Le 23 novembre 1972, quand Pink Floyd donnait un concert avec le Ballet national de Marseille"},"content":{"rendered":"<p>Une chor\u00e9graphie de <a href=\"https:\/\/www.laprovence.com\/article\/region\/2140327738287515\/patrimoine-marseillais-sur-les-pas-du-choregraphe-et-danseur-roland-petit-de-malmousque-a-saint-giniez\" target=\"_blank\" rel=\"noopener\">Roland Petit<\/a>, une mise en sc\u00e8ne gigantesque et une performance du groupe Pink Floyd. Autant dire, la soir\u00e9e de r\u00eave\u2026 sauf que cet \u00e9v\u00e9nement a eu lieu le 23\u00a0novembre\u00a01972. Les pourparlers entre le groupe mythique et Roland Petit avaient d\u00e9marr\u00e9 en\u00a01970.<\/p>\n<p>Cela aboutira deux ans plus tard \u00e0 un spectacle impressionnant au <a href=\"https:\/\/www.laprovence.com\/actu\/en-direct\/5555096\/marseille-fermeture-au-public-du-stade-vallier-la-majorite-fait-marche-arriere.html\" target=\"_blank\" rel=\"noopener\">stade Vallier<\/a> boost\u00e9 par de gros moyens\u00a0: plateau de 400\u00a0m\u00e8tres, un vaste podium pour les Pink Floyd, 300\u00a0projecteurs, des diffuseurs et r\u00e9flecteurs de lumi\u00e8re.<\/p>\n<p>\u00ab\u00a0Ainsi conditionn\u00e9s, il revenait donc aux Pink Floyd, les quatre cavaliers de l\u2019Apocalypse sonore, djinns de la pop\u2019 music de passage \u00e0 Marseille, d\u2019offrir \u00e0 la foule de ses jeunes fanatiques un &lsquo;show&rsquo; tout de puissance et de gloire\u00a0\u00bb, racontait \u00e0 l\u2019\u00e9poque le journaliste du Proven\u00e7al, Pierre Roumel.<\/p>\n<p>Des \u00ab\u00a0beatnicks\u00a0\u00bb, des \u00ab\u00a0mignons imberbes\u00a0\u00bb, des \u00ab\u00a0hippies christiques\u00a0\u00bb, comme d\u00e9crits par l\u2019autre journaliste du Proven\u00e7al Jacques Bonnadier ont donc assist\u00e9 au ballet musical \u00ab\u00a0Allumez les \u00e9toiles\u00a0\u00bb, interpr\u00e9t\u00e9 notamment par les deux \u00e9toiles Dani\u00e8le Jossi et Rudy Bryans, \u00e9voquant la vie du po\u00e8te russe Vladimir Ma\u00efakovski dans ce qui sert aujourd\u2019hui de gymnase.<\/p>\n<p>Seul point noir au tableau, la dur\u00e9e de prestation, jug\u00e9e trop courte par les fans qui r\u00e9clamaient \u00ab\u00a0une autre\u00a0\u00bb chanson \u00e0 la fin.<\/p>\n","protected":false},"excerpt":{"rendered":"Une chor\u00e9graphie de Roland Petit, une mise en sc\u00e8ne gigantesque et une performance du groupe Pink Floyd. Autant&hellip;\n","protected":false},"author":2,"featured_media":537734,"comment_status":"","ping_status":"","sticky":false,"template":"","format":"standard","meta":{"footnotes":""},"categories":[2814],"tags":[65657,17,1111,11,1697,24833,1777,674,18756,1011,27,884,12,24649,18757,882,396,16,25],"class_list":{"0":"post-537733","1":"post","2":"type-post","3":"status-publish","4":"format-standard","5":"has-post-thumbnail","7":"category-marseille","8":"tag-65657","9":"tag-17","10":"tag-actu","11":"tag-actualites","12":"tag-concert","13":"tag-donnait","14":"tag-eu","15":"tag-europe","16":"tag-floyd","17":"tag-fr","18":"tag-france","19":"tag-marseille","20":"tag-news","21":"tag-novembre","22":"tag-pink","23":"tag-provence-alpes-cote-dazur","24":"tag-quand","25":"tag-region","26":"tag-republique-francaise"},"share_on_mastodon":{"url":"https:\/\/pubeurope.com\/@fr\/115558353741546017","error":""},"_links":{"self":[{"href":"https:\/\/www.europesays.com\/fr\/wp-json\/wp\/v2\/posts\/537733","targetHints":{"allow":["GET"]}}],"collection":[{"href":"https:\/\/www.europesays.com\/fr\/wp-json\/wp\/v2\/posts"}],"about":[{"href":"https:\/\/www.europesays.com\/fr\/wp-json\/wp\/v2\/types\/post"}],"author":[{"embeddable":true,"href":"https:\/\/www.europesays.com\/fr\/wp-json\/wp\/v2\/users\/2"}],"replies":[{"embeddable":true,"href":"https:\/\/www.europesays.com\/fr\/wp-json\/wp\/v2\/comments?post=537733"}],"version-history":[{"count":0,"href":"https:\/\/www.europesays.com\/fr\/wp-json\/wp\/v2\/posts\/537733\/revisions"}],"wp:featuredmedia":[{"embeddable":true,"href":"https:\/\/www.europesays.com\/fr\/wp-json\/wp\/v2\/media\/537734"}],"wp:attachment":[{"href":"https:\/\/www.europesays.com\/fr\/wp-json\/wp\/v2\/media?parent=537733"}],"wp:term":[{"taxonomy":"category","embeddable":true,"href":"https:\/\/www.europesays.com\/fr\/wp-json\/wp\/v2\/categories?post=537733"},{"taxonomy":"post_tag","embeddable":true,"href":"https:\/\/www.europesays.com\/fr\/wp-json\/wp\/v2\/tags?post=537733"}],"curies":[{"name":"wp","href":"https:\/\/api.w.org\/{rel}","templated":true}]}}