{"id":537735,"date":"2025-11-16T08:08:12","date_gmt":"2025-11-16T08:08:12","guid":{"rendered":"https:\/\/www.europesays.com\/fr\/537735\/"},"modified":"2025-11-16T08:08:12","modified_gmt":"2025-11-16T08:08:12","slug":"il-ne-veut-pas-regagner-sa-cellule-le-detenu-violente-les-agents-penitentiaires","status":"publish","type":"post","link":"https:\/\/www.europesays.com\/fr\/537735\/","title":{"rendered":"il ne veut pas regagner sa cellule, le d\u00e9tenu violente les agents p\u00e9nitentiaires"},"content":{"rendered":"<p itemprop=\"description\"><strong>Il y a quelques jours, un d\u00e9tenu a \u00e9t\u00e9 jug\u00e9 par le tribunal correctionnel de Villefranche-sur-Sa\u00f4ne.<\/strong><\/p>\n<p>Incarc\u00e9r\u00e9 \u00e0 la maison d&rsquo;arr\u00eat caladoise, ce ressortissant \u00e9tranger avait, le 26 ao\u00fbt dernier, frapp\u00e9 des agents p\u00e9nitentiaires qui tentaient de lui faire r\u00e9int\u00e9grer sa cellule apr\u00e8s une p\u00e9riode \u00e0 l&rsquo;isolement.<\/p>\n<p>Apr\u00e8s avoir distribu\u00e9 des coups de poing et de pied, l&rsquo;individu avait chut\u00e9 au sol et avait crochet\u00e9 un surveillant qui s&rsquo;\u00e9tait bless\u00e9 au poignet (25 jours d&rsquo;ITT).<\/p>\n<p>A la barre, le pr\u00e9venu a expliqu\u00e9 \u00eatre la victime dans cette affaire et avoir \u00e9t\u00e9 pass\u00e9 \u00e0 tabac par les agents.<\/p>\n<p>Le tribunal l&rsquo;a finalement condamn\u00e9 \u00e0 1 an de prison ferme suppl\u00e9mentaire.<\/p>\n","protected":false},"excerpt":{"rendered":"Il y a quelques jours, un d\u00e9tenu a \u00e9t\u00e9 jug\u00e9 par le tribunal correctionnel de Villefranche-sur-Sa\u00f4ne. Incarc\u00e9r\u00e9 \u00e0&hellip;\n","protected":false},"author":2,"featured_media":537736,"comment_status":"","ping_status":"","sticky":false,"template":"","format":"standard","meta":{"footnotes":""},"categories":[1889],"tags":[1111,11,2813,2190,2430,1109,251,1112,2811,1777,674,118,1011,27,1922,1110,1114,2428,2810,12,241,316,25,2812,517,800],"class_list":{"0":"post-537735","1":"post","2":"type-post","3":"status-publish","4":"format-standard","5":"has-post-thumbnail","7":"category-lyon","8":"tag-actu","9":"tag-actualites","10":"tag-article","11":"tag-asvel","12":"tag-auvergne-rhone-alpes","13":"tag-breves","14":"tag-culture","15":"tag-depeches","16":"tag-economique","17":"tag-eu","18":"tag-europe","19":"tag-faits-divers","20":"tag-fr","21":"tag-france","22":"tag-info","23":"tag-informations","24":"tag-infos","25":"tag-lyon","26":"tag-lyonmag","27":"tag-news","28":"tag-ol","29":"tag-politique","30":"tag-republique-francaise","31":"tag-sociale","32":"tag-sport","33":"tag-transports"},"share_on_mastodon":{"url":"https:\/\/pubeurope.com\/@fr\/115558357676655387","error":""},"_links":{"self":[{"href":"https:\/\/www.europesays.com\/fr\/wp-json\/wp\/v2\/posts\/537735","targetHints":{"allow":["GET"]}}],"collection":[{"href":"https:\/\/www.europesays.com\/fr\/wp-json\/wp\/v2\/posts"}],"about":[{"href":"https:\/\/www.europesays.com\/fr\/wp-json\/wp\/v2\/types\/post"}],"author":[{"embeddable":true,"href":"https:\/\/www.europesays.com\/fr\/wp-json\/wp\/v2\/users\/2"}],"replies":[{"embeddable":true,"href":"https:\/\/www.europesays.com\/fr\/wp-json\/wp\/v2\/comments?post=537735"}],"version-history":[{"count":0,"href":"https:\/\/www.europesays.com\/fr\/wp-json\/wp\/v2\/posts\/537735\/revisions"}],"wp:featuredmedia":[{"embeddable":true,"href":"https:\/\/www.europesays.com\/fr\/wp-json\/wp\/v2\/media\/537736"}],"wp:attachment":[{"href":"https:\/\/www.europesays.com\/fr\/wp-json\/wp\/v2\/media?parent=537735"}],"wp:term":[{"taxonomy":"category","embeddable":true,"href":"https:\/\/www.europesays.com\/fr\/wp-json\/wp\/v2\/categories?post=537735"},{"taxonomy":"post_tag","embeddable":true,"href":"https:\/\/www.europesays.com\/fr\/wp-json\/wp\/v2\/tags?post=537735"}],"curies":[{"name":"wp","href":"https:\/\/api.w.org\/{rel}","templated":true}]}}