{"id":537737,"date":"2025-11-16T08:09:13","date_gmt":"2025-11-16T08:09:13","guid":{"rendered":"https:\/\/www.europesays.com\/fr\/537737\/"},"modified":"2025-11-16T08:09:13","modified_gmt":"2025-11-16T08:09:13","slug":"les-pompiers-du-rhone-interpellent-la-metropole-de-lyon-et-le-departement","status":"publish","type":"post","link":"https:\/\/www.europesays.com\/fr\/537737\/","title":{"rendered":"les pompiers du Rh\u00f4ne interpellent la M\u00e9tropole de Lyon et le D\u00e9partement"},"content":{"rendered":"<p itemprop=\"description\"><strong>Le SDMIS d\u00e9nonce un manque d\u2019\u00e9coute de la M\u00e9tropole et du D\u00e9partement.<\/strong><\/p>\n<p>Le syndicat\u00a0SUD SDMIS\u00a0appelle l\u2019ensemble des\u00a0sapeurs-pompiers professionnels (SPP)\u00a0et\u00a0personnels administratifs, techniques et sp\u00e9cialis\u00e9s (PATS)\u00a0du Service d\u00e9partemental-m\u00e9tropolitain d\u2019incendie et de secours du Rh\u00f4ne \u00e0 se mobiliser\u00a0ce lundi, d\u00e8s\u00a07h \u00e0 l\u2019angle Paul Bert\/Garibaldi \u00e0 Lyon.\u00a0<\/p>\n<p>Un\u00a0petit-d\u00e9jeuner sera offert sur place par les syndicats, avant un\u00a0rassemblement devant la M\u00e9tropole de Lyon, puis un d\u00e9placement pr\u00e9vu vers\u00a0l\u2019H\u00f4tel du D\u00e9partement.<\/p>\n<p>Les repr\u00e9sentants syndicaux affirment que<strong>\u00a0<\/strong>\u00ab\u00a0aucune ligne de l\u2019ordre du jour du Conseil m\u00e9tropolitain du 17 novembre ne concerne le SDMIS, alors m\u00eame que la M\u00e9tropole de Lyon est l\u2019un de nos principaux financeurs, au m\u00eame titre que le D\u00e9partement.\u00a0\u00bb<\/p>\n<p>Ils d\u00e9noncent \u00e9galement\u00a0\u00ab\u00a0l\u2019\u00e9chec des n\u00e9gociations avec les financeurs durant la clause de revoyure du 5 novembre\u00a0\u00bb ainsi que des\u00a0\u00ab\u00a0discussions inachev\u00e9es et en attente de r\u00e9ponses avec le pr\u00e9fet (d\u00e9l\u00e9gu\u00e9 \u00e0 la S\u00e9curit\u00e9 ndlr) Gu\u00e9rin\u00a0\u00bb\u00a0apr\u00e8s une entrevue le 7 novembre.<\/p>\n<p>Pour SUD SDMIS, cette mobilisation vise \u00e0 rappeler aux \u00e9lus que\u00a0\u00ab\u00a0nos effectifs, nos moyens et nos conditions de travail concernent directement la s\u00e9curit\u00e9 de toute la population\u00a0\u00bb, et que\u00a0\u00ab\u00a0le silence et l\u2019inaction ne peuvent devenir la norme.\u00a0\u00bb<\/p>\n<p>Le syndicat appelle ainsi les agents \u00e0 afficher leur soutien par tous les moyens, y compris depuis les casernes :\u00a0\u00ab\u00a0Marquage des engins &lsquo;EN GR\u00c8VE POUR VOTRE S\u00c9CURIT\u00c9'\u00a0\u00bb,\u00a0pr\u00e9cise le syndicat, invitant les personnels \u00e0 porter leurs \u00e9cussons \u00ab\u00a0EN GR\u00c8VE\u00a0\u00bb.<\/p>\n<p>Concernant les revendications, SUD SDMIS insiste :\u00a0\u00ab\u00a0Nos revendications ne sont pas corporatistes : elles concernent la s\u00e9curit\u00e9 de tous, car des moyens humains et mat\u00e9riels suffisants, ce sont des interventions plus rapides, plus s\u00fbres et plus efficaces pour chaque habitant du Rh\u00f4ne et de la m\u00e9tropole.\u00a0\u00bb<\/p>\n","protected":false},"excerpt":{"rendered":"Le SDMIS d\u00e9nonce un manque d\u2019\u00e9coute de la M\u00e9tropole et du D\u00e9partement. Le syndicat\u00a0SUD SDMIS\u00a0appelle l\u2019ensemble des\u00a0sapeurs-pompiers professionnels&hellip;\n","protected":false},"author":2,"featured_media":537738,"comment_status":"","ping_status":"","sticky":false,"template":"","format":"standard","meta":{"footnotes":""},"categories":[1889],"tags":[1111,11,2813,2190,2430,1109,251,1112,2811,1777,674,118,1011,27,1922,1110,1114,2428,2810,12,241,316,25,2812,517,800],"class_list":{"0":"post-537737","1":"post","2":"type-post","3":"status-publish","4":"format-standard","5":"has-post-thumbnail","7":"category-lyon","8":"tag-actu","9":"tag-actualites","10":"tag-article","11":"tag-asvel","12":"tag-auvergne-rhone-alpes","13":"tag-breves","14":"tag-culture","15":"tag-depeches","16":"tag-economique","17":"tag-eu","18":"tag-europe","19":"tag-faits-divers","20":"tag-fr","21":"tag-france","22":"tag-info","23":"tag-informations","24":"tag-infos","25":"tag-lyon","26":"tag-lyonmag","27":"tag-news","28":"tag-ol","29":"tag-politique","30":"tag-republique-francaise","31":"tag-sociale","32":"tag-sport","33":"tag-transports"},"share_on_mastodon":{"url":"https:\/\/pubeurope.com\/@fr\/115558361515037886","error":""},"_links":{"self":[{"href":"https:\/\/www.europesays.com\/fr\/wp-json\/wp\/v2\/posts\/537737","targetHints":{"allow":["GET"]}}],"collection":[{"href":"https:\/\/www.europesays.com\/fr\/wp-json\/wp\/v2\/posts"}],"about":[{"href":"https:\/\/www.europesays.com\/fr\/wp-json\/wp\/v2\/types\/post"}],"author":[{"embeddable":true,"href":"https:\/\/www.europesays.com\/fr\/wp-json\/wp\/v2\/users\/2"}],"replies":[{"embeddable":true,"href":"https:\/\/www.europesays.com\/fr\/wp-json\/wp\/v2\/comments?post=537737"}],"version-history":[{"count":0,"href":"https:\/\/www.europesays.com\/fr\/wp-json\/wp\/v2\/posts\/537737\/revisions"}],"wp:featuredmedia":[{"embeddable":true,"href":"https:\/\/www.europesays.com\/fr\/wp-json\/wp\/v2\/media\/537738"}],"wp:attachment":[{"href":"https:\/\/www.europesays.com\/fr\/wp-json\/wp\/v2\/media?parent=537737"}],"wp:term":[{"taxonomy":"category","embeddable":true,"href":"https:\/\/www.europesays.com\/fr\/wp-json\/wp\/v2\/categories?post=537737"},{"taxonomy":"post_tag","embeddable":true,"href":"https:\/\/www.europesays.com\/fr\/wp-json\/wp\/v2\/tags?post=537737"}],"curies":[{"name":"wp","href":"https:\/\/api.w.org\/{rel}","templated":true}]}}