{"id":537749,"date":"2025-11-16T08:17:18","date_gmt":"2025-11-16T08:17:18","guid":{"rendered":"https:\/\/www.europesays.com\/fr\/537749\/"},"modified":"2025-11-16T08:17:18","modified_gmt":"2025-11-16T08:17:18","slug":"guerre-en-ukraine-quelque-1-200-prisonniers-de-guerre-ukrainiens-seront-a-la-maison-pour-noel","status":"publish","type":"post","link":"https:\/\/www.europesays.com\/fr\/537749\/","title":{"rendered":"Guerre en Ukraine : Quelque 1.200 prisonniers de guerre ukrainiens seront \u00e0 la maison pour No\u00ebl"},"content":{"rendered":"<p class=\"ap-StoryElement ap-StoryElement--mb ap-StoryText\">Au printemps dernier, M. Umyerov, aujourd&rsquo;hui secr\u00e9taire du Conseil de d\u00e9fense et de s\u00e9curit\u00e9 nationale d&rsquo;Ukraine, avait dirig\u00e9 la d\u00e9l\u00e9gation ukrainienne lors des n\u00e9gociations avec la <a href=\"https:\/\/www.lalibre.be\/international\/europe\/guerre-ukraine-russie\/2025\/11\/08\/russie-la-traque-des-veuves-noires-qui-seduisent-les-soldats-pour-toucher-lheritage-de-leur-mort-YJ4TTV77INCVFF7HRI5PUHXHG4\/\" target=\"_self\" rel=\"noopener\">Russie<\/a>. Ces pourparlers avaient entre autres donn\u00e9 lieu \u00e0 des \u00e9changes de prisonniers men\u00e9s au printemps et en \u00e9t\u00e9.<\/p>\n<p class=\"ap-StoryElement ap-StoryElement--mb ap-StoryText\">Mais aucun \u00e9change n&rsquo;a \u00e9t\u00e9 effectu\u00e9 depuis lors. Les n\u00e9gociations visant \u00e0 mettre fin \u00e0 la guerre sont \u00e9galement au point mort depuis sa mutation.<\/p>\n","protected":false},"excerpt":{"rendered":"Au printemps dernier, M. Umyerov, aujourd&rsquo;hui secr\u00e9taire du Conseil de d\u00e9fense et de s\u00e9curit\u00e9 nationale d&rsquo;Ukraine, avait dirig\u00e9&hellip;\n","protected":false},"author":2,"featured_media":537750,"comment_status":"","ping_status":"","sticky":false,"template":"","format":"standard","meta":{"footnotes":""},"categories":[1591],"tags":[11,2120,312,7714,1887,1146,12,1885,1886,132,3496,220],"class_list":{"0":"post-537749","1":"post","2":"type-post","3":"status-publish","4":"format-standard","5":"has-post-thumbnail","7":"category-russie","8":"tag-actualites","9":"tag-conflit","10":"tag-diplomatie","11":"tag-emirats-arabes-unis","12":"tag-federation-de-russie","13":"tag-guerre","14":"tag-news","15":"tag-russia","16":"tag-russian-federation","17":"tag-russie","18":"tag-turquie","19":"tag-ukraine"},"share_on_mastodon":{"url":"https:\/\/pubeurope.com\/@fr\/115558393031146262","error":""},"_links":{"self":[{"href":"https:\/\/www.europesays.com\/fr\/wp-json\/wp\/v2\/posts\/537749","targetHints":{"allow":["GET"]}}],"collection":[{"href":"https:\/\/www.europesays.com\/fr\/wp-json\/wp\/v2\/posts"}],"about":[{"href":"https:\/\/www.europesays.com\/fr\/wp-json\/wp\/v2\/types\/post"}],"author":[{"embeddable":true,"href":"https:\/\/www.europesays.com\/fr\/wp-json\/wp\/v2\/users\/2"}],"replies":[{"embeddable":true,"href":"https:\/\/www.europesays.com\/fr\/wp-json\/wp\/v2\/comments?post=537749"}],"version-history":[{"count":0,"href":"https:\/\/www.europesays.com\/fr\/wp-json\/wp\/v2\/posts\/537749\/revisions"}],"wp:featuredmedia":[{"embeddable":true,"href":"https:\/\/www.europesays.com\/fr\/wp-json\/wp\/v2\/media\/537750"}],"wp:attachment":[{"href":"https:\/\/www.europesays.com\/fr\/wp-json\/wp\/v2\/media?parent=537749"}],"wp:term":[{"taxonomy":"category","embeddable":true,"href":"https:\/\/www.europesays.com\/fr\/wp-json\/wp\/v2\/categories?post=537749"},{"taxonomy":"post_tag","embeddable":true,"href":"https:\/\/www.europesays.com\/fr\/wp-json\/wp\/v2\/tags?post=537749"}],"curies":[{"name":"wp","href":"https:\/\/api.w.org\/{rel}","templated":true}]}}