{"id":537753,"date":"2025-11-16T08:19:20","date_gmt":"2025-11-16T08:19:20","guid":{"rendered":"https:\/\/www.europesays.com\/fr\/537753\/"},"modified":"2025-11-16T08:19:20","modified_gmt":"2025-11-16T08:19:20","slug":"pourquoi-les-trains-a-grande-vitesse-narrivent-pas-a-simposer-aux-etats-unis","status":"publish","type":"post","link":"https:\/\/www.europesays.com\/fr\/537753\/","title":{"rendered":"Pourquoi les trains \u00e0 grande vitesse n&rsquo;arrivent pas \u00e0 s&rsquo;imposer aux Etats-Unis"},"content":{"rendered":"<p>Pourquoi les lignes ferroviaires \u00e0 grande vitesse peinent-elles \u00e0 se d\u00e9velopper aux Etats-Unis? Pour le PDG de SNCF America Alain Leray, la culture politique du pays freine les projets malgr\u00e9 la demande existante.<\/p>\n<p>Le train a jou\u00e9 un r\u00f4le essentiel dans l&rsquo;expansion territoriale des Etats-Unis au XIXe si\u00e8cle, avant d&rsquo;\u00eatre supplant\u00e9 par l&rsquo;automobile et l&rsquo;aviation au si\u00e8cle suivant. Aujourd&rsquo;hui, il reste le parent pauvre du transport de passagers dans le pays.<\/p>\n<p>\u00ab\u00a0Il n&rsquo;y a pas une seule ligne \u00e0 grande vitesse aujourd&rsquo;hui aux Etats-Unis. En 2007, le candidat Obama avait promis onze corridors. Pas un seul n&rsquo;a \u00e9t\u00e9 construit\u00a0\u00bb, rappelle Alain Leray mercredi dans l&rsquo;\u00e9mission Tout un monde.<\/p>\n<p><strong class=\"inline-title\">&gt;&gt; A lire \u00e9galement\u00a0: <\/strong><a href=\"https:\/\/www.rts.ch\/info\/monde\/2025\/article\/jo-2028-los-angeles-veut-organiser-des-jeux-sans-voitures-28797134.html\" data-item-id=\"richtext_link\" target=\"_blank\" rel=\"noopener\">JO 2028 \u00e0 Los Angeles, le d\u00e9fi d&rsquo;une ville sans voitures<\/a><\/p>\n<p>Les d\u00e9boires du TGV californien<\/p>\n<p>Un exemple de projet ferroviaire qui patine? Le TGV entre San Francisco et Los Angeles. Lanc\u00e9 en 2008, il conna\u00eet d&rsquo;importants retards et des d\u00e9passements budg\u00e9taires colossaux.<\/p>\n<p>Le qualifiant d'\u00a0\u00bbarnaque\u00a0\u00bb, Donald Trump <a href=\"https:\/\/www.rts.ch\/info\/monde\/2025\/article\/trump-coupe-les-fonds-du-train-a-grande-vitesse-californien-projet-retarde-28945371.html\" data-item-id=\"richtext_link\" target=\"_blank\" rel=\"noopener\">lui a retir\u00e9 des financements f\u00e9d\u00e9raux<\/a> cet \u00e9t\u00e9. Les autorit\u00e9s d\u00e9mocrates californiennes, elles, croient en cette ligne. Elles viennent d&rsquo;ailleurs de faire appel \u00e0 la SNCF pour son \u00e9lectrification.<\/p>\n<p> <img decoding=\"async\" src=\"https:\/\/www.europesays.com\/fr\/wp-content\/uploads\/2025\/11\/7qpgc9-29057982.image\" alt=\"Un train de marchandises passe sous le viaduc de Hanford, en cours de construction dans le cadre du projet californien de train \u00e0 grande vitesse, le 12 f\u00e9vrier 2025. [AFP - PATRICK T. FALLON]\" title=\"Un train de marchandises passe sous le viaduc de Hanford, en cours de construction dans le cadre du projet californien de train \u00e0 grande vitesse, le 12 f\u00e9vrier 2025. [AFP - PATRICK T. FALLON]\" loading=\"lazy\"\/>  Un train de marchandises passe sous le viaduc de Hanford, en cours de construction dans le cadre du projet de train \u00e0 grande vitesse en Californie, le 12 f\u00e9vrier 2025. [AFP &#8211; PATRICK T. FALLON] <\/p>\n<p>Un premier tron\u00e7on sera peut-\u00eatre exploitable en 2030 dans la vall\u00e9e Centrale, indique Alain Leray. Il reconna\u00eet que ce projet est \u00ab\u00a0mal emmanch\u00e9\u00a0\u00bb depuis le d\u00e9but. Le probl\u00e8me selon lui? Chaque politicien local a voulu que sa ville, m\u00eame de taille modeste, devienne une halte. A ses yeux, il fallait seulement relier les deux grandes cit\u00e9s.<\/p>\n<p>\u00ab\u00a0Au lieu d&rsquo;avoir un train \u00e0 grande vitesse, on a maintenant un train express r\u00e9gional\u00a0\u00bb, ass\u00e8ne Alain Leray. Les r\u00e9publicains de leur c\u00f4t\u00e9 ne manquent pas de railler le projet. Ils le surnomment \u00ab\u00a0The train from Nowhere to Nowhere\u00a0\u00bb.<\/p>\n<p>Contenu externe<\/p>\n<p> Ce contenu externe ne peut pas \u00eatre affich\u00e9 car il est susceptible de collecter des donn\u00e9es personnelles. Pour voir ce contenu vous devez autoriser la cat\u00e9gorie <strong>Infographies<\/strong>. <\/p>\n<p> Accepter Plus d&rsquo;info <\/p>\n<p>    Un financement public \u00ab\u00a0n\u00e9cessaire\u00a0\u00bb<\/p>\n<p>Si ce projet a du plomb dans l&rsquo;aile, cela s&rsquo;explique aussi par la vision am\u00e9ricaine du r\u00f4le de l&rsquo;Etat dans le financement du rail, estime Alain Leray. \u00ab\u00a0Les choses ne pourront pas avancer tant que les Etats-Unis n&rsquo;arriveront pas \u00e0 admettre politiquement, c&rsquo;est-\u00e0-dire les d\u00e9mocrates et les r\u00e9publicains ensemble, que la puissance publique est n\u00e9cessaire pour construire une infrastructure ferroviaire et que les politiciens s&rsquo;ent\u00eateront \u00e0 vouloir impliquer des capitaux priv\u00e9s qui ne se mat\u00e9rialiseront pas\u00a0\u00bb, analyse-t-il.<\/p>\n<p>Car investir dans les infrastructures ferroviaires n&rsquo;est pas rentable, d\u00e9veloppe-t-il. Et les bailleurs de fonds priv\u00e9s sont frileux \u00e0 l&rsquo;id\u00e9e de perdre de l&rsquo;argent. Le destin du train aux Etats-Unis se trouve donc dans les mains des collectivit\u00e9s publiques.<\/p>\n<p>Un app\u00e9tit pour le train<\/p>\n<p>Pour l&rsquo;heure, si l&rsquo;automobile reste reine dans le pays, ce n&rsquo;est pas faute d&rsquo;int\u00e9r\u00eat de la population pour le rail. \u00ab\u00a0Les Am\u00e9ricains prennent le train lorsqu&rsquo;on leur offre un bon syst\u00e8me\u00a0\u00bb, assure le patron de la filiale \u00e9tasunienne de la SNCF.<\/p>\n<p>\u00ab\u00a0Prenez la liaison Boston-New York-Washington, dont les trois gares sont situ\u00e9es au centre-ville: il faut r\u00e9server, car les trains sont pleins!\u00a0\u00bb<\/p>\n<p><strong class=\"inline-title\">&gt;&gt; A lire aussi\u00a0: <\/strong><a href=\"https:\/\/www.rts.ch\/info\/monde\/2024\/article\/fleuron-du-monde-ferroviaire-le-shinkansen-japonais-fete-ses-60-ans-28654844.html\" data-item-id=\"richtext_link\" target=\"_blank\" rel=\"noopener\">Fleuron du monde ferroviaire, le Shinkansen japonais f\u00eate ses 60 ans<\/a><\/p>\n<p class=\"sources\">Propos recueillis par Eric Guevara-Frey<\/p>\n<p class=\"credit\">Texte web: Antoine Michel<\/p>\n","protected":false},"excerpt":{"rendered":"Pourquoi les lignes ferroviaires \u00e0 grande vitesse peinent-elles \u00e0 se d\u00e9velopper aux Etats-Unis? Pour le PDG de SNCF&hellip;\n","protected":false},"author":2,"featured_media":537754,"comment_status":"","ping_status":"","sticky":false,"template":"","format":"standard","meta":{"footnotes":""},"categories":[1589],"tags":[11,646,6359,73,1866,3531,74,12,926,64033,6917,800,1864,1865,1863,308],"class_list":{"0":"post-537753","1":"post","2":"type-post","3":"status-publish","4":"format-standard","5":"has-post-thumbnail","7":"category-etats-unis","8":"tag-actualites","9":"tag-automobile","10":"tag-economie-et-finances","11":"tag-etats-unis","12":"tag-etats-unis-damerique","13":"tag-financement","14":"tag-monde","15":"tag-news","16":"tag-train","17":"tag-train-a-grande-vitesse","18":"tag-transport-ferroviaire","19":"tag-transports","20":"tag-united-states","21":"tag-united-states-of-america","22":"tag-us","23":"tag-usa"},"share_on_mastodon":{"url":"https:\/\/pubeurope.com\/@fr\/115558401678763542","error":""},"_links":{"self":[{"href":"https:\/\/www.europesays.com\/fr\/wp-json\/wp\/v2\/posts\/537753","targetHints":{"allow":["GET"]}}],"collection":[{"href":"https:\/\/www.europesays.com\/fr\/wp-json\/wp\/v2\/posts"}],"about":[{"href":"https:\/\/www.europesays.com\/fr\/wp-json\/wp\/v2\/types\/post"}],"author":[{"embeddable":true,"href":"https:\/\/www.europesays.com\/fr\/wp-json\/wp\/v2\/users\/2"}],"replies":[{"embeddable":true,"href":"https:\/\/www.europesays.com\/fr\/wp-json\/wp\/v2\/comments?post=537753"}],"version-history":[{"count":0,"href":"https:\/\/www.europesays.com\/fr\/wp-json\/wp\/v2\/posts\/537753\/revisions"}],"wp:featuredmedia":[{"embeddable":true,"href":"https:\/\/www.europesays.com\/fr\/wp-json\/wp\/v2\/media\/537754"}],"wp:attachment":[{"href":"https:\/\/www.europesays.com\/fr\/wp-json\/wp\/v2\/media?parent=537753"}],"wp:term":[{"taxonomy":"category","embeddable":true,"href":"https:\/\/www.europesays.com\/fr\/wp-json\/wp\/v2\/categories?post=537753"},{"taxonomy":"post_tag","embeddable":true,"href":"https:\/\/www.europesays.com\/fr\/wp-json\/wp\/v2\/tags?post=537753"}],"curies":[{"name":"wp","href":"https:\/\/api.w.org\/{rel}","templated":true}]}}