{"id":537759,"date":"2025-11-16T08:22:15","date_gmt":"2025-11-16T08:22:15","guid":{"rendered":"https:\/\/www.europesays.com\/fr\/537759\/"},"modified":"2025-11-16T08:22:15","modified_gmt":"2025-11-16T08:22:15","slug":"chat-control-le-retour-leurope-face-a-la-tentation-de-la-surveillance-de-masse","status":"publish","type":"post","link":"https:\/\/www.europesays.com\/fr\/537759\/","title":{"rendered":"Chat Control, le retour : l&rsquo;Europe face \u00e0 la tentation de la surveillance de masse"},"content":{"rendered":"<p class=\"font-sourceSerif text-lg font-normal leading-[1.35] tracking-[0.02em] text-gray10 md:!text-2xl\">Cette semaine dans Hors Circuit, le podcast d\u2019Atlantico, Jean-S\u00e9bastien Ferjou re\u00e7oit Fabrice Epelboin, expert des r\u00e9seaux sociaux et des libert\u00e9s digitales. On croyait le projet de Chat Control abandonn\u00e9 mais la Commission europ\u00e9enne semble d\u00e9termin\u00e9e \u00e0 pousser sa proposition de loi visant \u00e0 permettre le contr\u00f4le de toutes les conversations des Europ\u00e9ens par messageries, crypt\u00e9es ou non, dans le but officiel de lutter contre les \u00e9changes de fichiers p\u00e9dopornographiques. Faut-il s\u2019inqui\u00e9ter, non pas de l\u2019objectif mais du moyen employ\u00e9, tant il repr\u00e9sente un danger possible pour les libert\u00e9s publiques ?<\/p>\n","protected":false},"excerpt":{"rendered":"Cette semaine dans Hors Circuit, le podcast d\u2019Atlantico, Jean-S\u00e9bastien Ferjou re\u00e7oit Fabrice Epelboin, expert des r\u00e9seaux sociaux et&hellip;\n","protected":false},"author":2,"featured_media":537760,"comment_status":"","ping_status":"","sticky":false,"template":"","format":"standard","meta":{"footnotes":""},"categories":[1586],"tags":[11,44738,2196,6061,47480,1777,674,1011,27,28355,65659,65658,12,25,938,364],"class_list":{"0":"post-537759","1":"post","2":"type-post","3":"status-publish","4":"format-standard","5":"has-post-thumbnail","7":"category-europe","8":"tag-actualites","9":"tag-chat-control","10":"tag-commission-europeenne","11":"tag-dma","12":"tag-dsa","13":"tag-eu","14":"tag-europe","15":"tag-fr","16":"tag-france","17":"tag-liberte-d","18":"tag-messageries-cryptees","19":"tag-messageries-privees","20":"tag-news","21":"tag-republique-francaise","22":"tag-reseaux-sociaux","23":"tag-union-europeenne"},"share_on_mastodon":{"url":"https:\/\/pubeurope.com\/@fr\/115558412738042534","error":""},"_links":{"self":[{"href":"https:\/\/www.europesays.com\/fr\/wp-json\/wp\/v2\/posts\/537759","targetHints":{"allow":["GET"]}}],"collection":[{"href":"https:\/\/www.europesays.com\/fr\/wp-json\/wp\/v2\/posts"}],"about":[{"href":"https:\/\/www.europesays.com\/fr\/wp-json\/wp\/v2\/types\/post"}],"author":[{"embeddable":true,"href":"https:\/\/www.europesays.com\/fr\/wp-json\/wp\/v2\/users\/2"}],"replies":[{"embeddable":true,"href":"https:\/\/www.europesays.com\/fr\/wp-json\/wp\/v2\/comments?post=537759"}],"version-history":[{"count":0,"href":"https:\/\/www.europesays.com\/fr\/wp-json\/wp\/v2\/posts\/537759\/revisions"}],"wp:featuredmedia":[{"embeddable":true,"href":"https:\/\/www.europesays.com\/fr\/wp-json\/wp\/v2\/media\/537760"}],"wp:attachment":[{"href":"https:\/\/www.europesays.com\/fr\/wp-json\/wp\/v2\/media?parent=537759"}],"wp:term":[{"taxonomy":"category","embeddable":true,"href":"https:\/\/www.europesays.com\/fr\/wp-json\/wp\/v2\/categories?post=537759"},{"taxonomy":"post_tag","embeddable":true,"href":"https:\/\/www.europesays.com\/fr\/wp-json\/wp\/v2\/tags?post=537759"}],"curies":[{"name":"wp","href":"https:\/\/api.w.org\/{rel}","templated":true}]}}