{"id":537761,"date":"2025-11-16T08:23:12","date_gmt":"2025-11-16T08:23:12","guid":{"rendered":"https:\/\/www.europesays.com\/fr\/537761\/"},"modified":"2025-11-16T08:23:12","modified_gmt":"2025-11-16T08:23:12","slug":"atp-finals-auger-aliassime-na-pas-lintention-dabdiquer-face-a-sinner-et-alcaraz-je-vais-devoir-me-retrousser-les-manches-je-nai-jamais-eu-peur-du-travail-alors-tout-va-bien","status":"publish","type":"post","link":"https:\/\/www.europesays.com\/fr\/537761\/","title":{"rendered":"ATP &#8211; Finals > Auger-Aliassime n&rsquo;a pas l&rsquo;intention d&rsquo;abdiquer face \u00e0 Sinner et Alcaraz : \u00ab\u00a0Je vais devoir me retrousser les manches. Je n&rsquo;ai jamais eu peur du travail, alors tout va bien\u00a0\u00bb"},"content":{"rendered":"<p>Parmi tous les joueurs du circuit, le Canadien a un forme de r\u00e9si\u00adlience qui l\u2019ho\u00adnore. Une fois de plus en conf\u00e9\u00adrence de presse, il a fait preuve d\u2019une grande luci\u00addit\u00e9 sans se plaindre une seule seconde. Concernant la supr\u00e9\u00admatie sans partage de Sinner et Alcaraz, F\u00e9lix a d\u00e9cid\u00e9 de ne pas renoncer ou de baisser les\u00a0bras.<\/p>\n<p>\u00ab\u202f<strong>Tout le monde est bon. Je ne peux pas me concen\u00adtrer unique\u00adment sur ces deux\u2010l\u00e0. Il y a tous ceux qui sont devant moi, ceux qui sont derri\u00e8re moi, les jeunes qui arrivent. La comp\u00e9\u00adti\u00adtion est rude chaque ann\u00e9e. Mais \u00e9videm\u00adment, quand je joue contre ces gars\u2010l\u00e0 (NDLR\u00a0: Sinner ou Alcaraz) en ce moment, il faut bien recon\u00adna\u00eetre qu\u2019ils sont d\u2019un niveau sup\u00e9\u00adrieur \u00e0 tous les autres. Oui, je vais devoir me retrousser les manches. Je n\u2019ai jamais eu peur du travail, alors tout va\u00a0bien\u202f\u00bb<\/strong><\/p>\n<p class=\"post-published-date\" style=\"color: silver; font-size: 75%; text-align: left;\">Publi\u00e9 le dimanche 16 novembre 2025 \u00e0 08:45<\/p>\n","protected":false},"excerpt":{"rendered":"Parmi tous les joueurs du circuit, le Canadien a un forme de r\u00e9si\u00adlience qui l\u2019ho\u00adnore. Une fois de&hellip;\n","protected":false},"author":2,"featured_media":537762,"comment_status":"","ping_status":"","sticky":false,"template":"","format":"standard","meta":{"footnotes":""},"categories":[1586],"tags":[11,1744,14496,1777,674,1779,1011,27,12,25,2127,1778,364],"class_list":{"0":"post-537761","1":"post","2":"type-post","3":"status-publish","4":"format-standard","5":"has-post-thumbnail","7":"category-europe","8":"tag-actualites","9":"tag-alcaraz","10":"tag-auger-aliassime","11":"tag-eu","12":"tag-europe","13":"tag-european-union","14":"tag-fr","15":"tag-france","16":"tag-news","17":"tag-republique-francaise","18":"tag-sinner","19":"tag-ue","20":"tag-union-europeenne"},"share_on_mastodon":{"url":"https:\/\/pubeurope.com\/@fr\/115558416666733138","error":""},"_links":{"self":[{"href":"https:\/\/www.europesays.com\/fr\/wp-json\/wp\/v2\/posts\/537761","targetHints":{"allow":["GET"]}}],"collection":[{"href":"https:\/\/www.europesays.com\/fr\/wp-json\/wp\/v2\/posts"}],"about":[{"href":"https:\/\/www.europesays.com\/fr\/wp-json\/wp\/v2\/types\/post"}],"author":[{"embeddable":true,"href":"https:\/\/www.europesays.com\/fr\/wp-json\/wp\/v2\/users\/2"}],"replies":[{"embeddable":true,"href":"https:\/\/www.europesays.com\/fr\/wp-json\/wp\/v2\/comments?post=537761"}],"version-history":[{"count":0,"href":"https:\/\/www.europesays.com\/fr\/wp-json\/wp\/v2\/posts\/537761\/revisions"}],"wp:featuredmedia":[{"embeddable":true,"href":"https:\/\/www.europesays.com\/fr\/wp-json\/wp\/v2\/media\/537762"}],"wp:attachment":[{"href":"https:\/\/www.europesays.com\/fr\/wp-json\/wp\/v2\/media?parent=537761"}],"wp:term":[{"taxonomy":"category","embeddable":true,"href":"https:\/\/www.europesays.com\/fr\/wp-json\/wp\/v2\/categories?post=537761"},{"taxonomy":"post_tag","embeddable":true,"href":"https:\/\/www.europesays.com\/fr\/wp-json\/wp\/v2\/tags?post=537761"}],"curies":[{"name":"wp","href":"https:\/\/api.w.org\/{rel}","templated":true}]}}