{"id":537769,"date":"2025-11-16T08:28:11","date_gmt":"2025-11-16T08:28:11","guid":{"rendered":"https:\/\/www.europesays.com\/fr\/537769\/"},"modified":"2025-11-16T08:28:11","modified_gmt":"2025-11-16T08:28:11","slug":"menees-deux-sets-a-rien-les-angels-ont-fait-douter-le-leader-mulhouse-avant-de-ceder-au-tie-break","status":"publish","type":"post","link":"https:\/\/www.europesays.com\/fr\/537769\/","title":{"rendered":"Men\u00e9es deux sets \u00e0 rien, les Angels ont fait douter le leader, Mulhouse, avant de c\u00e9der au tie-break"},"content":{"rendered":"<p>\n                                                                Ligue A F\u00e9minine \/ 7e journ\u00e9e. Men\u00e9es deux sets \u00e0 z\u00e9ro, les Angels ont vu leur r\u00e9volte stopp\u00e9e au tie-break.\n                            <\/p>\n<p>C\u2019est un leader invaincu qui se pr\u00e9sente au Palais des sports ce samedi, faire tomber Mulhouse est donc un v\u00e9ritable d\u00e9fi pour les Biterroises. Des Angels, priv\u00e9es de leur centrale colombienne, Carabali souffre d\u2019une luxation \u00e0 l\u2019annulaire de la main droite.<br \/>Les Alsaciennes font, les premi\u00e8res, la course en t\u00eate\u00a0: 2-5 puis 7-12. Mulhouse qui conserve son avance malgr\u00e9 les belles offensives biterroises, men\u00e9es notamment par leur capitaine Nada M\u00e9awad \u00e0 la finition. 10-15 puis 15-20. Le VMA remporte 19-25 la premi\u00e8re manche.<br \/>L\u2019entame du deuxi\u00e8me set est plus serr\u00e9e, 4-4. Ce sont encore les visiteuses, plus solide en d\u00e9fense, qui vont faire le trou\u00a0: 6-10, puis 8-15. Le collectif alsacien semble avoir trouv\u00e9 son rythme de croisi\u00e8re (10-20) et le score s\u2019en fait sentir \u00e0 l\u2019issue de cette deuxi\u00e8me manche (14- 25).<\/p>\n<p>Les Angels n\u2019abdiquent pas<\/p>\n<p>Mais, pas question d\u2019abdiquer pour B\u00e9ziers qui prend l\u2019avantage au d\u00e9but du 3e set\u00a0: 5-2 puis 8-4. Une belle r\u00e9action d\u2019orgueil avec une grande intensit\u00e9 et de beaux points. Et si Mulhouse recolle \u00e0 12-12, sans ne jamais rien l\u00e2cher les Biterroises s\u2019offrent le droit d\u2019esp\u00e9rer encore en remportant ce set (25-20).<\/p>\n<p>Manche d\u00e9cisive<\/p>\n<p>Le suspense reste entier en ce d\u00e9but de 4e manche de haute tenue\u00a0: 10-10 puis 14-14. Dans une grosse ambiance, les Alsaciennes passent devant, avant d\u2019\u00eatre en fin de set (26-24). Tout va se jouer donc au Tie-Break.<br \/>Une manche d\u00e9cisive de haute vol\u00e9e, tr\u00e8s disput\u00e9e, avec des balles de matchs de part en d\u2019autre, remport\u00e9e sur le fil par Mulhouse (17-19).<\/p>\n<p>    Fiche technique<\/p>\n<p><strong>B\u00e9ziers \u2013 Mulhouse, 2-3<\/strong><br \/>Palais des Sports B\u00e9ziers M\u00e9diterran\u00e9e.<br \/>D\u00e9tail des sets\u00a0: 19-25 en 26\u2019, 14-25 en 23\u2019, 25-22 en 33\u2019, 26-24 en 31\u2019, 17-19 en 28\u2019. Environ 1\u00a0600 spectateurs.<br \/>BEZIERS\u00a0: Bouzinac (1), Meawad (21), Mercado (9), Debell (16), Hindgren (10), Elouga (11) puis Pierret (3), Ammirati (1), Maeder (2).<br \/>Libero\u00a0: Romati<br \/>Entra\u00eeneur\u00a0: Fabien Simondet.<br \/>MULHOUSE\u00a0: Rutherford (12), Vazquez (12), Moreno (5), Evans (27), Strong (5), Kotar (15) puis Hadrych, Gamanovich (11), Selosse, Olinga Andela (1).<br \/>Libero\u00a0: Soldner<br \/>Entra\u00eeneur\u00a0: Andr\u00e9 Sa.<\/p>\n","protected":false},"excerpt":{"rendered":"Ligue A F\u00e9minine \/ 7e journ\u00e9e. Men\u00e9es deux sets \u00e0 z\u00e9ro, les Angels ont vu leur r\u00e9volte stopp\u00e9e&hellip;\n","protected":false},"author":2,"featured_media":537770,"comment_status":"","ping_status":"","sticky":false,"template":"","format":"standard","meta":{"footnotes":""},"categories":[1417],"tags":[1011,27,60,1470,1469],"class_list":{"0":"post-537769","1":"post","2":"type-post","3":"status-publish","4":"format-standard","5":"has-post-thumbnail","7":"category-volley","8":"tag-fr","9":"tag-france","10":"tag-sports","11":"tag-volley","12":"tag-volleyball"},"share_on_mastodon":{"url":"https:\/\/pubeurope.com\/@fr\/115558436297508081","error":""},"_links":{"self":[{"href":"https:\/\/www.europesays.com\/fr\/wp-json\/wp\/v2\/posts\/537769","targetHints":{"allow":["GET"]}}],"collection":[{"href":"https:\/\/www.europesays.com\/fr\/wp-json\/wp\/v2\/posts"}],"about":[{"href":"https:\/\/www.europesays.com\/fr\/wp-json\/wp\/v2\/types\/post"}],"author":[{"embeddable":true,"href":"https:\/\/www.europesays.com\/fr\/wp-json\/wp\/v2\/users\/2"}],"replies":[{"embeddable":true,"href":"https:\/\/www.europesays.com\/fr\/wp-json\/wp\/v2\/comments?post=537769"}],"version-history":[{"count":0,"href":"https:\/\/www.europesays.com\/fr\/wp-json\/wp\/v2\/posts\/537769\/revisions"}],"wp:featuredmedia":[{"embeddable":true,"href":"https:\/\/www.europesays.com\/fr\/wp-json\/wp\/v2\/media\/537770"}],"wp:attachment":[{"href":"https:\/\/www.europesays.com\/fr\/wp-json\/wp\/v2\/media?parent=537769"}],"wp:term":[{"taxonomy":"category","embeddable":true,"href":"https:\/\/www.europesays.com\/fr\/wp-json\/wp\/v2\/categories?post=537769"},{"taxonomy":"post_tag","embeddable":true,"href":"https:\/\/www.europesays.com\/fr\/wp-json\/wp\/v2\/tags?post=537769"}],"curies":[{"name":"wp","href":"https:\/\/api.w.org\/{rel}","templated":true}]}}