{"id":537771,"date":"2025-11-16T08:29:11","date_gmt":"2025-11-16T08:29:11","guid":{"rendered":"https:\/\/www.europesays.com\/fr\/537771\/"},"modified":"2025-11-16T08:29:11","modified_gmt":"2025-11-16T08:29:11","slug":"je-vais-faire-les-beaux-jours-des-images-insolites-sourit-maxime-lucu-qui-a-heurte-un-poteau-en-voulant-defendre","status":"publish","type":"post","link":"https:\/\/www.europesays.com\/fr\/537771\/","title":{"rendered":"\u00abJe vais faire les beaux jours des images insolites\u00bb, sourit Maxime Lucu qui a heurt\u00e9 un poteau en voulant d\u00e9fendre"},"content":{"rendered":"<p>\n    Le demi de m\u00eal\u00e9e de Bordeaux-B\u00e8gles est revenu sur cette action cocasse o\u00f9 il finit sur la protection en mousse des poteaux en voulant d\u00e9fendre sur l\u2019ailier fidjien Ravouvou.<\/p>\n<p class=\"fig-paragraph\">Un retour d\u00e9fensif d\u00e9sesp\u00e9r\u00e9 qui s\u2019est termin\u00e9 sur&#8230; la protection en mousse des poteaux du Stade Atlantique. Une image insolite et cocasse. Maxime Lucu, sans le vouloir, a bien fait rire tous ceux qui ont suivi\u00a0<a href=\"http:\/\/www.lefigaro.fr\/sports\/rugby\/xv-de-france\/france-fidji-les-bleus-s-en-sortent-sans-convaincre-20251115\" data-fig-type=\"NewsFlash\" data-gtm-custom-categorie=\"navigation\" data-gtm-custom-action=\"crossclick\" data-gtm-custom-label=\"Contextuel\" data-gtm-event=\"customEventSPE\" data-fig-domain=\"LEFIGARO\" rel=\"nofollow noopener\" target=\"_blank\">le match de samedi soir entre le XV de France et les Fidji<\/a>. \u00c0 la 28e minute du match, l\u2019ailier fidjien Kalaveti Ravouvou \u00e9chappe aux plaquages de\u00a0<a href=\"http:\/\/www.lefigaro.fr\/sports\/rugby\/xv-de-france\/xv-de-france-peur-du-froid-gentil-panda-muscu-dans-le-garage-cinq-choses-a-savoir-sur-regis-montagne-le-nouveau-pilier-des-bleus-20251114\" data-fig-type=\"NewsFlash\" data-gtm-custom-categorie=\"navigation\" data-gtm-custom-action=\"crossclick\" data-gtm-custom-label=\"Contextuel\" data-gtm-event=\"customEventSPE\" data-fig-domain=\"LEFIGARO\" rel=\"nofollow noopener\" target=\"_blank\">R\u00e9gis Montagne<\/a>\u00a0puis Romain Taofifenua pour filer marquer entre les poteaux.\u00a0<a href=\"http:\/\/www.lefigaro.fr\/sports\/rugby\/xv-de-france\/xv-de-france-les-springboks-sont-venus-nous-piquer-notre-coupe-du-monde-rappelle-maxime-lucu-20251030\" data-fig-type=\"NewsFlash\" data-gtm-custom-categorie=\"navigation\" data-gtm-custom-action=\"crossclick\" data-gtm-custom-label=\"Contextuel\" data-gtm-event=\"customEventSPE\" data-fig-domain=\"LEFIGARO\" rel=\"nofollow noopener\" target=\"_blank\">Maxime Lucu<\/a>\u00a0tente alors un sauvetage d\u00e9sesp\u00e9r\u00e9 mais, au dernier moment, il vient s\u2019\u00e9craser sur la protection en mousse qui prot\u00e8ge les poteaux, qu\u2019il n\u2019avait pas vue.<\/p>\n<p class=\"fig-paragraph\">\u00c0 l\u2019issue du match, le num\u00e9ro 9 et capitaine de l\u2019UBB est revenue, avec un grand sourire, sur cette sc\u00e8ne inhabituelle. \u00abJe pensais que l\u2019action \u00e9tait quasi termin\u00e9e, parce que rattraper l\u2019ailier fidjien \u00e0 10 m\u00e8tres de la ligne, c\u2019\u00e9tait compliqu\u00e9. Mais en fait, il se rapprochait de moi, de l\u2019en-but et des poteaux, et il me regardait en me narguant un petit peu. Donc en fait, je me suis dit\u00a0: \u00ab\u00a0Je vais aller le r\u00e9cup\u00e9rer\u00a0\u00bb. Mais au moment de lancer mon plaquage et d\u2019essayer de taper le ballon pour lui faire faire un en-avant, je ne vois pas le poteau. Je ne vois que le mec et je prends le poteau plein fer.\u00bb<\/p>\n<p>                                    <a class=\"fig-a11y-skip a11y-hidden\" href=\"#fig-a11y-skip-main-inarticle\"><br \/>\n        Passer la publicit\u00e9<br \/>\n    <\/a><\/p>\n<p class=\"fig-paragraph\">Aurait-il pu se blesser\u00a0? \u00abIl y a beaucoup de mousse. Au final, ce n\u2019est que l\u2019\u00e9paule, j\u2019ai juste rebondi, j\u2019ai mis les mains. Au dernier moment, quand j\u2019ai vu que je ne l\u2019avais pas, j\u2019ai vu le poteau et j\u2019ai amorti un petit peu. Mais sur le coup, je ne regarde pas le poteau, je ne vois que le joueur parce qu\u2019il me nargue. J\u2019ai essay\u00e9 d\u2019aller l\u2019attraper mais je n\u2019ai pas r\u00e9ussi&#8230;\u00bb Et de prendre la chose avec le sourire\u00a0: \u00abJe vais faire les beaux jours des images insolites\u00bb<\/p>\n<p>    <a href=\"https:\/\/photo.lefigaro.fr\/sports\/rugby\/xv-de-france\/france-fidji-en-images-20251115\" rel=\"nofollow noopener\" target=\"_blank\"><\/p>\n<p class=\"fig-slideshow__title\">\n                    France-Fidji en images\n                <\/p>\n<p>Acc\u00e9der au diaporama (18)<\/p>\n<p>    <\/a><\/p>\n","protected":false},"excerpt":{"rendered":"Le demi de m\u00eal\u00e9e de Bordeaux-B\u00e8gles est revenu sur cette action cocasse o\u00f9 il finit sur la protection&hellip;\n","protected":false},"author":2,"featured_media":537772,"comment_status":"","ping_status":"","sticky":false,"template":"","format":"standard","meta":{"footnotes":""},"categories":[1416],"tags":[1997,12116,20024,1011,27,479,1468,60],"class_list":{"0":"post-537771","1":"post","2":"type-post","3":"status-publish","4":"format-standard","5":"has-post-thumbnail","7":"category-rugby","8":"tag-bordeaux","9":"tag-ffr","10":"tag-fidji","11":"tag-fr","12":"tag-france","13":"tag-rugby","14":"tag-rugby-football","15":"tag-sports"},"share_on_mastodon":{"url":"https:\/\/pubeurope.com\/@fr\/115558440264232025","error":""},"_links":{"self":[{"href":"https:\/\/www.europesays.com\/fr\/wp-json\/wp\/v2\/posts\/537771","targetHints":{"allow":["GET"]}}],"collection":[{"href":"https:\/\/www.europesays.com\/fr\/wp-json\/wp\/v2\/posts"}],"about":[{"href":"https:\/\/www.europesays.com\/fr\/wp-json\/wp\/v2\/types\/post"}],"author":[{"embeddable":true,"href":"https:\/\/www.europesays.com\/fr\/wp-json\/wp\/v2\/users\/2"}],"replies":[{"embeddable":true,"href":"https:\/\/www.europesays.com\/fr\/wp-json\/wp\/v2\/comments?post=537771"}],"version-history":[{"count":0,"href":"https:\/\/www.europesays.com\/fr\/wp-json\/wp\/v2\/posts\/537771\/revisions"}],"wp:featuredmedia":[{"embeddable":true,"href":"https:\/\/www.europesays.com\/fr\/wp-json\/wp\/v2\/media\/537772"}],"wp:attachment":[{"href":"https:\/\/www.europesays.com\/fr\/wp-json\/wp\/v2\/media?parent=537771"}],"wp:term":[{"taxonomy":"category","embeddable":true,"href":"https:\/\/www.europesays.com\/fr\/wp-json\/wp\/v2\/categories?post=537771"},{"taxonomy":"post_tag","embeddable":true,"href":"https:\/\/www.europesays.com\/fr\/wp-json\/wp\/v2\/tags?post=537771"}],"curies":[{"name":"wp","href":"https:\/\/api.w.org\/{rel}","templated":true}]}}