{"id":537773,"date":"2025-11-16T08:30:26","date_gmt":"2025-11-16T08:30:26","guid":{"rendered":"https:\/\/www.europesays.com\/fr\/537773\/"},"modified":"2025-11-16T08:30:26","modified_gmt":"2025-11-16T08:30:26","slug":"pas-la-vraie-coupe-davis-alexander-zverev-tacle-le-nouveau-format","status":"publish","type":"post","link":"https:\/\/www.europesays.com\/fr\/537773\/","title":{"rendered":"\u00abPas la vraie Coupe Davis\u00bb, Alexander Zverev tacle le nouveau format"},"content":{"rendered":"<p>\n    Alexander Zverev a tacl\u00e9 la Coupe Davis en conf\u00e9rence de presse apr\u00e8s son \u00e9limination des ATP Finals. Une comp\u00e9tition qu\u2019il compare \u00e0 une \u00abexhibition\u00bb.<\/p>\n<p class=\"fig-paragraph\">Apr\u00e8s son \u00e9limination des\u00a0<a href=\"http:\/\/www.lefigaro.fr\/sports\/tennis\/atp-finals-vainqueur-de-zverev-auger-aliassime-se-qualifie-pour-les-demi-finales-20251114\" target=\"_blank\" data-fig-type=\"NewsFlash\" rel=\"noopener nofollow\" data-gtm-custom-categorie=\"navigation\" data-gtm-custom-action=\"crossclick\" data-gtm-custom-label=\"Contextuel\" data-gtm-event=\"customEventSPE\" data-fig-domain=\"LEFIGARO\">ATP Finals face \u00e0 F\u00e9lix Auger-Aliassime<\/a>, Alexander Zverev n\u2019a pas h\u00e9sit\u00e9 \u00e0 critiquer le format de la Coupe Davis. L\u2019Allemand a rejoint la position de Jannik Sinner qui demande une comp\u00e9tition tous les deux ans\u00a0: \u00abJe suis d\u2019accord avec Sinner. La vraie Coupe Davis, ce sont les matchs \u00e0 l\u2019ext\u00e9rieur ou \u00e0 domicile. Jouer les quarts, les demis et la finale sur une semaine, je n\u2019aime pas.\u00bb<\/p>\n<p class=\"fig-paragraph\">Il reproche au tournoi de se d\u00e9rouler \u00e0 un seul endroit. \u00abLa vraie Coupe Davis, c\u2019est une atmosph\u00e8re. Jouer contre l\u2019Italie en Italie, c\u2019est compl\u00e8tement diff\u00e9rent que de jouer contre l\u2019Italie en Espagne. J\u2019ai jou\u00e9 contre Nadal dans une ar\u00e8ne de corrida quand m\u00eame. C\u2019est \u00e7a la vraie Coupe Davis. Dans un sens, c\u2019est une exhibition qu\u2019on appelle Coupe Davis\u00bb.<\/p>\n","protected":false},"excerpt":{"rendered":"Alexander Zverev a tacl\u00e9 la Coupe Davis en conf\u00e9rence de presse apr\u00e8s son \u00e9limination des ATP Finals. Une&hellip;\n","protected":false},"author":2,"featured_media":537774,"comment_status":"","ping_status":"","sticky":false,"template":"","format":"standard","meta":{"footnotes":""},"categories":[1415],"tags":[5827,4178,1011,27,6672,60,1467],"class_list":{"0":"post-537773","1":"post","2":"type-post","3":"status-publish","4":"format-standard","5":"has-post-thumbnail","7":"category-tennis","8":"tag-alexander-zverev","9":"tag-coupe-davis","10":"tag-fr","11":"tag-france","12":"tag-masters","13":"tag-sports","14":"tag-tennis"},"share_on_mastodon":{"url":"https:\/\/pubeurope.com\/@fr\/115558444083997799","error":""},"_links":{"self":[{"href":"https:\/\/www.europesays.com\/fr\/wp-json\/wp\/v2\/posts\/537773","targetHints":{"allow":["GET"]}}],"collection":[{"href":"https:\/\/www.europesays.com\/fr\/wp-json\/wp\/v2\/posts"}],"about":[{"href":"https:\/\/www.europesays.com\/fr\/wp-json\/wp\/v2\/types\/post"}],"author":[{"embeddable":true,"href":"https:\/\/www.europesays.com\/fr\/wp-json\/wp\/v2\/users\/2"}],"replies":[{"embeddable":true,"href":"https:\/\/www.europesays.com\/fr\/wp-json\/wp\/v2\/comments?post=537773"}],"version-history":[{"count":0,"href":"https:\/\/www.europesays.com\/fr\/wp-json\/wp\/v2\/posts\/537773\/revisions"}],"wp:featuredmedia":[{"embeddable":true,"href":"https:\/\/www.europesays.com\/fr\/wp-json\/wp\/v2\/media\/537774"}],"wp:attachment":[{"href":"https:\/\/www.europesays.com\/fr\/wp-json\/wp\/v2\/media?parent=537773"}],"wp:term":[{"taxonomy":"category","embeddable":true,"href":"https:\/\/www.europesays.com\/fr\/wp-json\/wp\/v2\/categories?post=537773"},{"taxonomy":"post_tag","embeddable":true,"href":"https:\/\/www.europesays.com\/fr\/wp-json\/wp\/v2\/tags?post=537773"}],"curies":[{"name":"wp","href":"https:\/\/api.w.org\/{rel}","templated":true}]}}