{"id":537806,"date":"2025-11-16T08:52:12","date_gmt":"2025-11-16T08:52:12","guid":{"rendered":"https:\/\/www.europesays.com\/fr\/537806\/"},"modified":"2025-11-16T08:52:12","modified_gmt":"2025-11-16T08:52:12","slug":"saint-nicolas-de-port-filmee-sous-la-douche-apres-sa-seance-de-sport-a-basic-fit","status":"publish","type":"post","link":"https:\/\/www.europesays.com\/fr\/537806\/","title":{"rendered":"Saint-Nicolas-de-Port. Film\u00e9e sous la douche apr\u00e8s sa s\u00e9ance de sport \u00e0 Basic-Fit"},"content":{"rendered":"<p>Apr\u00e8s sa s\u00e9ance de sport \u00e0 la salle Basic-Fit situ\u00e9e \u00e0 Saint-Nicolas-de-Port, sur la zone commerciale Frunshopping, une jeune femme prenait sa douche, lundi 10\u00a0novembre, peu avant 19 heures.<\/p>\n<p>L\u2019instant choisi par un individu pour violer l\u2019intimit\u00e9 de cette sportive de 29 ans en la filmant par-dessus la cabine \u00e0 l\u2019aide de son t\u00e9l\u00e9phone portable. Choqu\u00e9e, la victime criait et d\u00e9clenchait l\u2019intervention de l\u2019agent d\u2019accueil de la salle.\u00a0Ce dernier interpellait le suspect et l\u2019immobilisait dans les locaux de Basic-Fit jusqu\u2019\u00e0 l\u2019arriv\u00e9e de la police dombasloise.<\/p>\n<p>\u00c2g\u00e9 de 40 ans, l\u2019homme \u00e9tait ensuite plac\u00e9 en garde \u00e0 vue pour les besoins de l\u2019enqu\u00eate men\u00e9e par les policiers du commissariat de Dombasle.<\/p>\n<p> \u00c0 l\u2019issue, le quadrag\u00e9naire a \u00e9t\u00e9 remis en libert\u00e9 avec une convocation en justice pour le 31\u00a0mars 2026, selon la proc\u00e9dure de comparution sur reconnaissance pr\u00e9alable de culpabilit\u00e9 (CRPC). <\/p>\n","protected":false},"excerpt":{"rendered":"Apr\u00e8s sa s\u00e9ance de sport \u00e0 la salle Basic-Fit situ\u00e9e \u00e0 Saint-Nicolas-de-Port, sur la zone commerciale Frunshopping, une&hellip;\n","protected":false},"author":2,"featured_media":537807,"comment_status":"","ping_status":"","sticky":false,"template":"","format":"standard","meta":{"footnotes":""},"categories":[9635],"tags":[1111,11,9652,271,272,1707,1704,1777,674,274,1011,27,775,1702,12,25,9651],"class_list":{"0":"post-537806","1":"post","2":"type-post","3":"status-publish","4":"format-standard","5":"has-post-thumbnail","7":"category-nancy","8":"tag-actu","9":"tag-actualites","10":"tag-cc-des-pays-du-sel-et-du-vermois-54b","11":"tag-crime","12":"tag-delit-et-contravention","13":"tag-edition-luneville","14":"tag-edition-nancy-et-agglomeration","15":"tag-eu","16":"tag-europe","17":"tag-faits-divers-justice","18":"tag-fr","19":"tag-france","20":"tag-grand-est","21":"tag-nancy","22":"tag-news","23":"tag-republique-francaise","24":"tag-saint-nicolas-de-port"},"share_on_mastodon":{"url":"https:\/\/pubeurope.com\/@fr\/115558530637618691","error":""},"_links":{"self":[{"href":"https:\/\/www.europesays.com\/fr\/wp-json\/wp\/v2\/posts\/537806","targetHints":{"allow":["GET"]}}],"collection":[{"href":"https:\/\/www.europesays.com\/fr\/wp-json\/wp\/v2\/posts"}],"about":[{"href":"https:\/\/www.europesays.com\/fr\/wp-json\/wp\/v2\/types\/post"}],"author":[{"embeddable":true,"href":"https:\/\/www.europesays.com\/fr\/wp-json\/wp\/v2\/users\/2"}],"replies":[{"embeddable":true,"href":"https:\/\/www.europesays.com\/fr\/wp-json\/wp\/v2\/comments?post=537806"}],"version-history":[{"count":0,"href":"https:\/\/www.europesays.com\/fr\/wp-json\/wp\/v2\/posts\/537806\/revisions"}],"wp:featuredmedia":[{"embeddable":true,"href":"https:\/\/www.europesays.com\/fr\/wp-json\/wp\/v2\/media\/537807"}],"wp:attachment":[{"href":"https:\/\/www.europesays.com\/fr\/wp-json\/wp\/v2\/media?parent=537806"}],"wp:term":[{"taxonomy":"category","embeddable":true,"href":"https:\/\/www.europesays.com\/fr\/wp-json\/wp\/v2\/categories?post=537806"},{"taxonomy":"post_tag","embeddable":true,"href":"https:\/\/www.europesays.com\/fr\/wp-json\/wp\/v2\/tags?post=537806"}],"curies":[{"name":"wp","href":"https:\/\/api.w.org\/{rel}","templated":true}]}}