{"id":537824,"date":"2025-11-16T09:06:21","date_gmt":"2025-11-16T09:06:21","guid":{"rendered":"https:\/\/www.europesays.com\/fr\/537824\/"},"modified":"2025-11-16T09:06:21","modified_gmt":"2025-11-16T09:06:21","slug":"arrive-cet-ete-gregory-thil-quitte-deja-son-poste-de-responsable-de-la-cellule-de-recrutement","status":"publish","type":"post","link":"https:\/\/www.europesays.com\/fr\/537824\/","title":{"rendered":"arriv\u00e9 cet \u00e9t\u00e9, Gr\u00e9gory Thil quitte d\u00e9j\u00e0 son poste de responsable de la cellule de recrutement"},"content":{"rendered":"<p data-start=\"62\" data-end=\"672\">Gr\u00e9gory Thil quitte d\u00e9j\u00e0 Strasbourg. Son arriv\u00e9e en Alsace, il y a seulement quelques mois en tant que responsable de la cellule de recrutement, avait pourtant fait grand bruit. L&rsquo;ancien dirigeant du RC Lens avait en effet b\u00e2ti une solide r\u00e9putation en \u00e9tant \u00e0 l&rsquo;origine de p\u00e9pites qui ont rapport\u00e9 gros : il avait notamment recrut\u00e9 Abdukodir Khusanov pour 100 000 euros (revendu 50 M\u20ac \u00e0 Manchester City), Neil El-Aynaoui (600 000 \u20ac, revendu 23,5 M\u20ac \u00e0 l&rsquo;AS Rome), Kevin Danso (4 M\u20ac, revendu 25 M\u20ac \u00e0 Tottenham) ou encore Lo\u00efs Openda (10 M\u20ac, revendu 40 M\u20ac \u00e0 Leipzig). Malgr\u00e9 ce CV impressionnant, l&rsquo;homme de 45 ans met fin \u00e0 l&rsquo;aventure alsacienne seulement quatre mois apr\u00e8s y avoir pos\u00e9 ses valises.<\/p>\n<p><strong data-start=\"31\" data-end=\"77\" data-is-last-node=\"\">Aucun rempla\u00e7ant n\u2019est pr\u00e9vu pour le poste<\/strong><\/p>\n<p data-start=\"711\" data-end=\"1494\" data-is-last-node=\"\" data-is-only-node=\"\">Quand Thil a pris ses fonctions le 15 juillet, en plein mercato estival, la majorit\u00e9 des recrues estivales (Souma\u00efla Coulibaly, Maxi Oyedele, Pape Demba Diop et Mathis Amougou) \u00e9taient d\u00e9j\u00e0 arriv\u00e9es, et le transfert de Joaquin Panichelli \u00e9tait d\u00e9j\u00e0 ficel\u00e9. Selon L&rsquo;\u00c9quipe, les deux parties ont d\u00e9cid\u00e9 d&rsquo;un commun accord ce vendredi de rompre la p\u00e9riode d&rsquo;essai du CDI qui les liait. L&rsquo;erreur de casting est donc act\u00e9e de part et d&rsquo;autre. Toujours selon le journal, Thil ne devrait pas \u00eatre remplac\u00e9, ce qui pourrait entra\u00eener des changements dans l&rsquo;organigramme. L&rsquo;\u00c9cossais David Weir, nomm\u00e9 directeur sportif du Racing il y a tout juste quinze jours, devrait en effet all\u00e9ger la charge de travail de Sam Jewell, directeur du recrutement global de BlueCo et nouvel homme fort du RCSA.<\/p>\n","protected":false},"excerpt":{"rendered":"Gr\u00e9gory Thil quitte d\u00e9j\u00e0 Strasbourg. Son arriv\u00e9e en Alsace, il y a seulement quelques mois en tant que&hellip;\n","protected":false},"author":2,"featured_media":537825,"comment_status":"","ping_status":"","sticky":false,"template":"","format":"standard","meta":{"footnotes":""},"categories":[2820],"tags":[1111,11,1777,674,1011,27,775,64961,12,25,640],"class_list":{"0":"post-537824","1":"post","2":"type-post","3":"status-publish","4":"format-standard","5":"has-post-thumbnail","7":"category-strasbourg","8":"tag-actu","9":"tag-actualites","10":"tag-eu","11":"tag-europe","12":"tag-fr","13":"tag-france","14":"tag-grand-est","15":"tag-ligue-1-actus","16":"tag-news","17":"tag-republique-francaise","18":"tag-strasbourg"},"share_on_mastodon":{"url":"https:\/\/pubeurope.com\/@fr\/115558585762438458","error":""},"_links":{"self":[{"href":"https:\/\/www.europesays.com\/fr\/wp-json\/wp\/v2\/posts\/537824","targetHints":{"allow":["GET"]}}],"collection":[{"href":"https:\/\/www.europesays.com\/fr\/wp-json\/wp\/v2\/posts"}],"about":[{"href":"https:\/\/www.europesays.com\/fr\/wp-json\/wp\/v2\/types\/post"}],"author":[{"embeddable":true,"href":"https:\/\/www.europesays.com\/fr\/wp-json\/wp\/v2\/users\/2"}],"replies":[{"embeddable":true,"href":"https:\/\/www.europesays.com\/fr\/wp-json\/wp\/v2\/comments?post=537824"}],"version-history":[{"count":0,"href":"https:\/\/www.europesays.com\/fr\/wp-json\/wp\/v2\/posts\/537824\/revisions"}],"wp:featuredmedia":[{"embeddable":true,"href":"https:\/\/www.europesays.com\/fr\/wp-json\/wp\/v2\/media\/537825"}],"wp:attachment":[{"href":"https:\/\/www.europesays.com\/fr\/wp-json\/wp\/v2\/media?parent=537824"}],"wp:term":[{"taxonomy":"category","embeddable":true,"href":"https:\/\/www.europesays.com\/fr\/wp-json\/wp\/v2\/categories?post=537824"},{"taxonomy":"post_tag","embeddable":true,"href":"https:\/\/www.europesays.com\/fr\/wp-json\/wp\/v2\/tags?post=537824"}],"curies":[{"name":"wp","href":"https:\/\/api.w.org\/{rel}","templated":true}]}}