{"id":537826,"date":"2025-11-16T09:07:11","date_gmt":"2025-11-16T09:07:11","guid":{"rendered":"https:\/\/www.europesays.com\/fr\/537826\/"},"modified":"2025-11-16T09:07:11","modified_gmt":"2025-11-16T09:07:11","slug":"voici-ce-qui-est-prevu-5","status":"publish","type":"post","link":"https:\/\/www.europesays.com\/fr\/537826\/","title":{"rendered":"voici ce qui est pr\u00e9vu"},"content":{"rendered":"<p>                    Par<br \/>\n        <strong><br \/>\n            <a href=\"https:\/\/actu.fr\/auteur\/arthur-frand\" title=\"Consulter tous les articles de Arthur Frand\" target=\"_blank\" rel=\"noopener\">Arthur Frand<\/a><br \/>\n                    <\/strong><\/p>\n<p>        Publi\u00e9 le<\/p>\n<p>            16 nov. 2025 \u00e0 9h36        <\/p>\n<p>Un objet de discorde et de pol\u00e9mique ces derniers jours. Jeudi 6\u00a0novembre, Christian Estrosi, maire de <a href=\"https:\/\/actu.fr\/nice\/\" target=\"_blank\" rel=\"noopener\">Nice<\/a> dans les <a href=\"https:\/\/actu.fr\/provence-alpes-cote-d-azur\/alpes-maritimes_06\" target=\"_blank\" rel=\"noopener\">Alpes-Maritimes<\/a>, a annonc\u00e9 l\u2019installation d\u2019un bowling au sein d\u2019un <strong>grand p\u00f4le de loisirs<\/strong> dans le quartier du Ray-Gorbella. La veille, \u00c9ric Ciotti, candidat UDR aux \u00e9lections municipales de 2026, en avait fait une promesse de campagne. Un coup de communication en r\u00e9ponse \u00e0 un rival\u2009? Non pour Christian Estrosi, qui a rappel\u00e9 d\u00e9fendre ce projet depuis plusieurs mois. Ce vaste p\u00f4le de loisirs, pr\u00e9vu pour 2027, comprendra plusieurs espaces de jeux, dont un bowling. Voici ce qui est pr\u00e9vu.<\/p>\n<p>    <a href=\"https:\/\/www.google.com\/maps\/embed?pb=!1m18!1m12!1m3!1d2883.346739512775!2d7.253067677345627!3d43.72412327109884!2m3!1f0!2f0!3f0!3m2!1i1024!2i768!4f13.1!3m3!1m2!1s0x12cdcff0144d0129%3A0x4c043fa54d8503a4!2s63%20Bd%20Gorbella%2C%2006100%20Nice!5e0!3m2!1sfr!2sfr!4v1763125467611!5m2!1sfr!2sfr\" title=\"Ouvrie le lien\" target=\"_blank\" rel=\"noopener\">Cliquez ici pour visualiser le contenu<\/a><\/p>\n<p class=\" wall-content\">Ce projet de bowling au Ray \u00e9tait dans les tuyaux selon Christian Estrosi. \u00ab\u2009Il fallait respecter les proc\u00e9dures\u2009\u00bb, clame-t-il. Cette cr\u00e9ation s\u2019inscrit plus globalement dans la \u00ab\u2009r\u00e9alisation d\u2019un ambitieux programme immobilier et urbanistique sur le site de l\u2019ancien stade du Ray\u2009\u00bb. Un nouvel \u00e9coquartier a \u00e9t\u00e9 r\u00e9alis\u00e9.<\/p>\n<p>Les d\u00e9marches vraiment lanc\u00e9es en juillet dernier<\/p>\n<p class=\" wall-content\">\u00c0 Nice, l\u2019ancien bowling, install\u00e9 dans l\u2019ex-Palais Acropolis, avait <a href=\"https:\/\/actu.fr\/provence-alpes-cote-d-azur\/nice_06088\/nice-demolition-d-acropolis-que-vont-devenir-le-bowling-et-la-cinematheque_56002952.html#:~:text=Bowling%20%3A%20le%20futur%20lieu%20bient%C3%B4t%20d%C3%A9battu%20en%20conseil%20municipal&amp;text=Le%20futur%20lieu%20sera%20d%C3%A9battu,trimestre%20de%20l%27ann%C3%A9e%20prochaine.\" target=\"_blank\" rel=\"noopener\">\u00e9t\u00e9 ras\u00e9 il y a deux ans<\/a>, \u00e0 l\u2019endroit o\u00f9 se trouve aujourd\u2019hui la deuxi\u00e8me partie de la promenade du Paillon.<\/p>\n<p class=\" wall-content\">La Ville de Nice a lanc\u00e9 un appel \u00e0 \u00ab\u2009manifestation d\u2019int\u00e9r\u00eat\u2009\u00bb en juillet dernier afin de <strong>c\u00e9der \u00e0 un op\u00e9rateur priv\u00e9 le b\u00e2timent<\/strong> situ\u00e9 en face de ce nouvel \u00e9coquartier. Ce b\u00e2timent abritait un supermarch\u00e9 Carrefour Market, qui n\u2019existe plus depuis.<\/p>\n<blockquote class=\"ac-article-quote wall-content\">\n<p>\u00c0 la suite de cet appel d\u2019offres, deux plis ont \u00e9t\u00e9 d\u00e9pos\u00e9s. L\u2019un a \u00e9t\u00e9 jug\u00e9 irrecevable. Le comit\u00e9 consultatif de s\u00e9lection, compos\u00e9 d\u2019\u00e9lus de la majorit\u00e9 et des oppositions s\u2019est r\u00e9uni ce jeudi 6\u00a0novembre. Apr\u00e8s examen du dossier du candidat et son audition, le comit\u00e9 a valid\u00e9 \u00e0 l\u2019unanimit\u00e9 son projet.<\/p>\n<p>    <strong>Christian Estrosi<\/strong><br \/>\n        Maire de Nice    <\/p><\/blockquote>\n<p>3000m2 avec bowling, laser-game et salle de billards<\/p>\n<p class=\" wall-content\">Le candidat retenu par la Ville est ADM Invest. Ce dernier, propri\u00e9taire de 4 soci\u00e9t\u00e9s sp\u00e9cialis\u00e9es dans le domaine du loisir dans les Alpes-Maritimes, notamment \u00e0 Cannes et Antibes, a d\u00e9j\u00e0 <strong>son plan en t\u00eate.<\/strong><\/p>\n<p>Votre r\u00e9gion, votre actu !<\/p>\n<p>Recevez chaque jour les infos qui comptent pour vous.<\/p>\n<p>\t<a href=\"https:\/\/actu.fr\/newsletter\" class=\"ac-btn ac-btn--corner ac-btn--medium ac-btn--blue800\" target=\"_blank\" rel=\"noopener\">S&rsquo;incrire<\/a><\/p>\n<p class=\" wall-content\">Sur <strong>3\u2009000 m\u00b2 de surface<\/strong>, il pr\u00e9voit de cr\u00e9er un p\u00f4le de loisirs indoor dit \u00ab\u2009moderne, convivial et \u00e9coresponsable\u2009\u00bb. Celui-ci sera compos\u00e9 de plusieurs espaces diff\u00e9rents et compl\u00e9mentaires\u2009:<\/p>\n<ul class=\" wall-content\">\n<li>16 pistes de bowling, avec des \u00e9quipements con\u00e7us pour optimiser la consommation \u00e9nerg\u00e9tique<\/li>\n<li>Un laser-game, con\u00e7u avec des syst\u00e8mes LED basse consommation.<\/li>\n<li>Une salle avec 10 billards, l\u2019espace d\u00e9di\u00e9 \u00e9tant am\u00e9nag\u00e9 avec des mat\u00e9riaux durables et sobres en \u00e9nergie selon la Ville.<\/li>\n<\/ul>\n<p>Jusqu\u2019\u00e0 700\u00a0personnes en simultan\u00e9<\/p>\n<p class=\" wall-content\">\u00ab\u2009Ce futur p\u00f4le de loisirs attendu par les riverains, pourra accueillir <strong>jusqu\u2019\u00e0 700\u00a0personnes<\/strong> simultan\u00e9ment\u2009\u00bb, pr\u00e9cise la Ville de Nice. Il sera ouvert 7\u00a0jours sur 7, avec des horaires adapt\u00e9s selon la p\u00e9riode de l\u2019ann\u00e9e.<\/p>\n<p class=\" wall-content\">\u00ab\u2009Il deviendra, je n\u2019en doute pas un v\u00e9ritable lieu de vie pour les habitants du territoire\u2009\u00bb, affirme et esp\u00e8re Christian Estrosi.<\/p>\n<p class=\" wall-content\">La cession des locaux de l\u2019ancien supermarch\u00e9 doit toutefois encore \u00eatre approuv\u00e9e et vot\u00e9e en conseil municipal. Si c\u2019est le cas, les travaux <strong>pourraient d\u00e9buter<\/strong> au premier semestre 2026 pour une livraison annonc\u00e9e d\u00e9but 2027.<\/p>\n<p class=\" wall-content\">Personnalisez votre actualit\u00e9 en ajoutant vos villes et m\u00e9dias en favori avec <a href=\"https:\/\/moncompte.actu.fr\" title=\"D\u00e9couvez Mon Actu\" rel=\"nofollow noopener\" data-trk=\"{&quot;cta&quot;:{&quot;action&quot;:&quot;https:\\\/\\\/moncompte.actu.fr&quot;,&quot;category&quot;:&quot;mon compte&quot;,&quot;from&quot;:&quot;article footer&quot;,&quot;name&quot;:&quot;Mon actu&quot;,&quot;type&quot;:&quot;cta&quot;}}\" target=\"_blank\">Mon Actu<\/a>.<\/p>\n","protected":false},"excerpt":{"rendered":"Par Arthur Frand Publi\u00e9 le 16 nov. 2025 \u00e0 9h36 Un objet de discorde et de pol\u00e9mique ces&hellip;\n","protected":false},"author":2,"featured_media":537827,"comment_status":"","ping_status":"","sticky":false,"template":"","format":"standard","meta":{"footnotes":""},"categories":[2819],"tags":[1111,11,2397,6537,1777,674,1011,27,12,2401,3147,882,25,104],"class_list":{"0":"post-537826","1":"post","2":"type-post","3":"status-publish","4":"format-standard","5":"has-post-thumbnail","7":"category-nice","8":"tag-actu","9":"tag-actualites","10":"tag-christian-estrosi","11":"tag-eric-ciotti","12":"tag-eu","13":"tag-europe","14":"tag-fr","15":"tag-france","16":"tag-news","17":"tag-nice","18":"tag-nouveaux-commerces","19":"tag-provence-alpes-cote-dazur","20":"tag-republique-francaise","21":"tag-societe"},"share_on_mastodon":{"url":"https:\/\/pubeurope.com\/@fr\/115558589697579417","error":""},"_links":{"self":[{"href":"https:\/\/www.europesays.com\/fr\/wp-json\/wp\/v2\/posts\/537826","targetHints":{"allow":["GET"]}}],"collection":[{"href":"https:\/\/www.europesays.com\/fr\/wp-json\/wp\/v2\/posts"}],"about":[{"href":"https:\/\/www.europesays.com\/fr\/wp-json\/wp\/v2\/types\/post"}],"author":[{"embeddable":true,"href":"https:\/\/www.europesays.com\/fr\/wp-json\/wp\/v2\/users\/2"}],"replies":[{"embeddable":true,"href":"https:\/\/www.europesays.com\/fr\/wp-json\/wp\/v2\/comments?post=537826"}],"version-history":[{"count":0,"href":"https:\/\/www.europesays.com\/fr\/wp-json\/wp\/v2\/posts\/537826\/revisions"}],"wp:featuredmedia":[{"embeddable":true,"href":"https:\/\/www.europesays.com\/fr\/wp-json\/wp\/v2\/media\/537827"}],"wp:attachment":[{"href":"https:\/\/www.europesays.com\/fr\/wp-json\/wp\/v2\/media?parent=537826"}],"wp:term":[{"taxonomy":"category","embeddable":true,"href":"https:\/\/www.europesays.com\/fr\/wp-json\/wp\/v2\/categories?post=537826"},{"taxonomy":"post_tag","embeddable":true,"href":"https:\/\/www.europesays.com\/fr\/wp-json\/wp\/v2\/tags?post=537826"}],"curies":[{"name":"wp","href":"https:\/\/api.w.org\/{rel}","templated":true}]}}