{"id":537850,"date":"2025-11-16T09:20:15","date_gmt":"2025-11-16T09:20:15","guid":{"rendered":"https:\/\/www.europesays.com\/fr\/537850\/"},"modified":"2025-11-16T09:20:15","modified_gmt":"2025-11-16T09:20:15","slug":"la-qualite-de-lair-est-bonne-ce-dimanche","status":"publish","type":"post","link":"https:\/\/www.europesays.com\/fr\/537850\/","title":{"rendered":"la qualit\u00e9 de l&rsquo;air est bonne ce dimanche"},"content":{"rendered":"<p>                            <img loading=\"lazy\" width=\"1200\" height=\"900\" class=\"attachment-article size-article wp-post-image lazyload\" alt=\"\" decoding=\"async\" src=\"https:\/\/www.europesays.com\/fr\/wp-content\/uploads\/2025\/04\/Image-d\u2019iOS-6-scaled-e1735236613804-1200x900.jpg\" data-eio-rwidth=\"1200\" data-eio-rheight=\"900\"\/><\/p>\n<p>Pollution \u00e0 Lyon \u00a9 Florent Deligia<\/p>\n<p class=\"content\" style=\"font-size:1.2em;font-weight:700\">La qualit\u00e9 de l&rsquo;air \u00e0 Lyon et dans la m\u00e9tropole reste bonne \u00e0 moyenne ce dimanche 16 novembre, avec une qualit\u00e9 d\u00e9grad\u00e9e au niveau des grands axes routiers.<\/p>\n<p>On respire bien \u00e0 Lyon et dans sa m\u00e9tropole. L&rsquo;Atmo, l&rsquo;observatoire de la qualit\u00e9 de l&rsquo;air en Auvergne-Rh\u00f4ne-Alpes classe ce dimanche 16 novembre la qualit\u00e9 de l&rsquo;air lyonnaise comme bonne \u00e0 moyenne localement.<\/p>\n<p>La qualit\u00e9 de l&rsquo;air sera essentiellement d\u00e9grad\u00e9e au niveau des grands axes routiers : le p\u00e9riph\u00e9rique Laurent Bonnevay, la M6 et la M7 au niveau de Saint-Fons et Feyzin. Une concentration de multi-polluants et de particules fines rendront l&rsquo;air mauvais. <\/p>\n","protected":false},"excerpt":{"rendered":"Pollution \u00e0 Lyon \u00a9 Florent Deligia La qualit\u00e9 de l&rsquo;air \u00e0 Lyon et dans la m\u00e9tropole reste bonne&hellip;\n","protected":false},"author":2,"featured_media":53838,"comment_status":"","ping_status":"","sticky":false,"template":"","format":"standard","meta":{"footnotes":""},"categories":[1889],"tags":[1111,11,2430,1777,674,1011,27,2428,12,1800,25,2429],"class_list":{"0":"post-537850","1":"post","2":"type-post","3":"status-publish","4":"format-standard","5":"has-post-thumbnail","7":"category-lyon","8":"tag-actu","9":"tag-actualites","10":"tag-auvergne-rhone-alpes","11":"tag-eu","12":"tag-europe","13":"tag-fr","14":"tag-france","15":"tag-lyon","16":"tag-news","17":"tag-pollution","18":"tag-republique-francaise","19":"tag-rhone"},"share_on_mastodon":{"url":"https:\/\/pubeurope.com\/@fr\/115558641436914594","error":""},"_links":{"self":[{"href":"https:\/\/www.europesays.com\/fr\/wp-json\/wp\/v2\/posts\/537850","targetHints":{"allow":["GET"]}}],"collection":[{"href":"https:\/\/www.europesays.com\/fr\/wp-json\/wp\/v2\/posts"}],"about":[{"href":"https:\/\/www.europesays.com\/fr\/wp-json\/wp\/v2\/types\/post"}],"author":[{"embeddable":true,"href":"https:\/\/www.europesays.com\/fr\/wp-json\/wp\/v2\/users\/2"}],"replies":[{"embeddable":true,"href":"https:\/\/www.europesays.com\/fr\/wp-json\/wp\/v2\/comments?post=537850"}],"version-history":[{"count":0,"href":"https:\/\/www.europesays.com\/fr\/wp-json\/wp\/v2\/posts\/537850\/revisions"}],"wp:featuredmedia":[{"embeddable":true,"href":"https:\/\/www.europesays.com\/fr\/wp-json\/wp\/v2\/media\/53838"}],"wp:attachment":[{"href":"https:\/\/www.europesays.com\/fr\/wp-json\/wp\/v2\/media?parent=537850"}],"wp:term":[{"taxonomy":"category","embeddable":true,"href":"https:\/\/www.europesays.com\/fr\/wp-json\/wp\/v2\/categories?post=537850"},{"taxonomy":"post_tag","embeddable":true,"href":"https:\/\/www.europesays.com\/fr\/wp-json\/wp\/v2\/tags?post=537850"}],"curies":[{"name":"wp","href":"https:\/\/api.w.org\/{rel}","templated":true}]}}