{"id":537857,"date":"2025-11-16T09:26:13","date_gmt":"2025-11-16T09:26:13","guid":{"rendered":"https:\/\/www.europesays.com\/fr\/537857\/"},"modified":"2025-11-16T09:26:13","modified_gmt":"2025-11-16T09:26:13","slug":"10-km-hoka-de-paris-centre-parcours-participation-favoris-tout-savoir-sur-la-11e-edition","status":"publish","type":"post","link":"https:\/\/www.europesays.com\/fr\/537857\/","title":{"rendered":"10\u00a0km Hoka de Paris Centre\u00a0: parcours, participation, favoris\u2026 Tout savoir sur la 11e \u00e9dition"},"content":{"rendered":"<p class=\"paragraph text_align_left lp-f-body-02\">Les 10 km de Paris Centre n\u2019arr\u00eatent pas de grandir. Depuis deux ans, cette \u00e9preuve a retrouv\u00e9 son lustre d\u2019antan en franchissant \u00e0 nouveau la barre symbolique de 10 000 participants.<\/p>\n<p class=\"paragraph text_align_left lp-f-body-02\">Cr\u00e9\u00e9e en 2011, cette \u00e9preuve a mis du temps \u00e0 retrouver la place qui \u00e9tait la sienne. Avec trois partenaires diff\u00e9rents (Nike, Bridgestone et Hoka depuis l\u2019an pass\u00e9), des \u00e9ditions qui ne se sont pas tenues ou qui ont \u00e9t\u00e9 annul\u00e9es (2012, 2016, 2018 et 2020 \u00e0 cause de la <a href=\"https:\/\/www.leparisien.fr\/coronavirus\/\" target=\"_blank\" rel=\"noreferrer nofollow noopener\">crise sanitaire<\/a>), les 10 km de Paris Centre semblent enfin prendre leur envol.<\/p>\n<p class=\"paragraph text_align_left lp-f-body-02\">Avec 16 000 participants attendus dont 46 % de femmes, les organisateurs r\u00eavent de battre le record d\u2019arrivants \u00e9tabli en 2015 avec 13 182 finishers.<\/p>\n<p class=\"paragraph text_align_left lp-f-body-02\">\u00ab Nous sommes sur une phase ascendante, confirme Jennifer Molina, de Golazo Sports France, la soci\u00e9t\u00e9 qui organise la course. Nous avions 11 000 participants en 2023, 13 000 l\u2019an pass\u00e9. Pour la premi\u00e8re fois, les 10 km Hoka Paris Centre sont labellis\u00e9s FFA. C\u2019est pourquoi nous avons encore plus de participants. On table sur 16 000 cette ann\u00e9e. \u00bb<\/p>\n<p class=\"paragraph text_align_left lp-f-body-02\">Pour permettre \u00e0 la course de grandir, les organisateurs ont d\u00fb revoir leur copie. \u00ab Le principal changement est le point de d\u00e9part, confirme Jennifer Molina. Nous ne partons plus de l\u2019avenue de l\u2019Op\u00e9ra mais de la rue de Rivoli. Le reste du parcours est quasiment le m\u00eame. \u00bb<\/p>\n<p><img decoding=\"async\" class=\"image \" loading=\"lazy\" src=\"https:\/\/www.europesays.com\/fr\/wp-content\/uploads\/2025\/11\/XZ2FERV4YVAO7BRTPPHHX57MMU.jpg\" alt=\"\" align=\"\" data-rubrique-principale=\"\" data-article-type=\"\" fetchpriority=\"auto\"\/><\/p>\n<p class=\"paragraph text_align_left lp-f-body-02\">D\u00e8s 9h30 et jusqu\u2019\u00e0 10h45 pour la 7e et derni\u00e8re vague, les coureurs s\u2019\u00e9lanceront en direction de la Concorde et passeront ensuite par la Madeleine, Op\u00e9ra, la Place des Victoires. L\u2019arriv\u00e9e se tiendra toujours sur l\u2019avenue de l\u2019Op\u00e9ra juste en face du Palais Royal, lieu du village de l\u2019\u00e9preuve.<\/p>\n<p class=\"paragraph text_align_left lp-f-body-02\">Le parcours est roulant sans grosse difficult\u00e9 avec toutefois de nombreux virages. Les runners devraient \u00eatre dans les meilleures conditions pour prendre un maximum de plaisir. \u00ab Beaucoup viennent pour battre leur record personnel \u00bb, pr\u00e9cise Molina.<\/p>\n<p>Plusieurs t\u00eates d\u2019affiche<\/p>\n<p class=\"paragraph text_align_left lp-f-body-02\">Parmi les coureurs annonc\u00e9s, Simon B\u00e9dard, le coureur breton, fait figure d\u2019immense favori, tout comme la Mauricienne Marie Perrier, pr\u00e9sente au marathon des JO de Paris, venue d\u00e9fendre son titre. Le vainqueur de l\u2019Ultra Trail Mont-Blanc 2023, l\u2019Am\u00e9ricain Jim Walmsley est attendu. Tout comme les anciens triathl\u00e8tes Fr\u00e9d\u00e9ric Belaubre et Charlotte Morel. Hugo Cl\u00e9ment, journaliste et militant \u00e9cologiste, est aussi annonc\u00e9.<\/p>\n<p class=\"paragraph text_align_left lp-f-body-02\">Il y a douze mois, la victoire \u00e9tait revenue \u00e0 Martin Desmidt en 29\u203212\u2032&rsquo;. Un chrono qui devrait \u00eatre am\u00e9lior\u00e9. Un an avant, en 2023, la K\u00e9nyane Nelvin Jepkemboi avait remport\u00e9 l\u2019\u00e9preuve au scratch en 31\u201906\u201d devant Lucas Liard, battu au sprint.<\/p>\n","protected":false},"excerpt":{"rendered":"Les 10 km de Paris Centre n\u2019arr\u00eatent pas de grandir. Depuis deux ans, cette \u00e9preuve a retrouv\u00e9 son&hellip;\n","protected":false},"author":2,"featured_media":537858,"comment_status":"","ping_status":"","sticky":false,"template":"","format":"standard","meta":{"footnotes":""},"categories":[1888],"tags":[1111,1928,11,1927,1777,674,1011,27,12,1926,626,1925,25,7135,60],"class_list":{"0":"post-537857","1":"post","2":"type-post","3":"status-publish","4":"format-standard","5":"has-post-thumbnail","7":"category-paris","8":"tag-actu","9":"tag-actu-paris","10":"tag-actualites","11":"tag-actualites-paris","12":"tag-eu","13":"tag-europe","14":"tag-fr","15":"tag-france","16":"tag-news","17":"tag-news-paris","18":"tag-paris","19":"tag-paris-news","20":"tag-republique-francaise","21":"tag-running","22":"tag-sports"},"share_on_mastodon":{"url":"https:\/\/pubeurope.com\/@fr\/115558665142186181","error":""},"_links":{"self":[{"href":"https:\/\/www.europesays.com\/fr\/wp-json\/wp\/v2\/posts\/537857","targetHints":{"allow":["GET"]}}],"collection":[{"href":"https:\/\/www.europesays.com\/fr\/wp-json\/wp\/v2\/posts"}],"about":[{"href":"https:\/\/www.europesays.com\/fr\/wp-json\/wp\/v2\/types\/post"}],"author":[{"embeddable":true,"href":"https:\/\/www.europesays.com\/fr\/wp-json\/wp\/v2\/users\/2"}],"replies":[{"embeddable":true,"href":"https:\/\/www.europesays.com\/fr\/wp-json\/wp\/v2\/comments?post=537857"}],"version-history":[{"count":0,"href":"https:\/\/www.europesays.com\/fr\/wp-json\/wp\/v2\/posts\/537857\/revisions"}],"wp:featuredmedia":[{"embeddable":true,"href":"https:\/\/www.europesays.com\/fr\/wp-json\/wp\/v2\/media\/537858"}],"wp:attachment":[{"href":"https:\/\/www.europesays.com\/fr\/wp-json\/wp\/v2\/media?parent=537857"}],"wp:term":[{"taxonomy":"category","embeddable":true,"href":"https:\/\/www.europesays.com\/fr\/wp-json\/wp\/v2\/categories?post=537857"},{"taxonomy":"post_tag","embeddable":true,"href":"https:\/\/www.europesays.com\/fr\/wp-json\/wp\/v2\/tags?post=537857"}],"curies":[{"name":"wp","href":"https:\/\/api.w.org\/{rel}","templated":true}]}}