{"id":537861,"date":"2025-11-16T09:28:12","date_gmt":"2025-11-16T09:28:12","guid":{"rendered":"https:\/\/www.europesays.com\/fr\/537861\/"},"modified":"2025-11-16T09:28:12","modified_gmt":"2025-11-16T09:28:12","slug":"la-photographie-fait-son-grand-retour-sous-la-nef-du-grand-palais","status":"publish","type":"post","link":"https:\/\/www.europesays.com\/fr\/537861\/","title":{"rendered":"la photographie fait son grand retour sous la nef du Grand Palais"},"content":{"rendered":"<p>Dix ans apr\u00e8s la fr\u00e9n\u00e9sie sp\u00e9culative du d\u00e9but des ann\u00e9es 2010, le march\u00e9 de la photographie a retrouv\u00e9 son \u00e9quilibre. Fini la course aux records\u2009: place \u00e0 une maturit\u00e9 nouvelle, nourrie par un public \u00e9largi et des collectionneurs plus curieux que jamais. Selon Artprice, 85\u202f% des \u0153uvres photographiques vendues l\u2019an pass\u00e9 ont \u00e9t\u00e9 adjug\u00e9es \u00e0 moins de 1\u2009000\u202fdollars. Un chiffre qui dit tout\u2009: la photographie reste l\u2019un des supports les plus accessible du march\u00e9 de l\u2019art \u2013\u202fdont elle repr\u00e9sente 10\u202f%, selon les maisons de ventes \u2013, un terrain de jeu pour l\u2019\u0153il autant que pour le portefeuille.<\/p>\n<p>\u00ab\u202fLa photo touche le plus grand nombre, \u00e0 la fois par son accessibilit\u00e9 plastique et parce qu\u2019elle offre une gamme de prix tr\u00e8s large\u202f\u00bb, souligne Florence Bourgeois, directrice de Paris Photo. Et de rappeler que l\u2019\u00e9v\u00e9nement, de retour cette ann\u00e9e sous la verri\u00e8re du Grand Palais, attire toujours plus d\u2019exposants \u2013\u202f222 venus de 33\u202fpays, dont 179\u202fgaleries et 43\u202f\u00e9diteurs, avec 60 nouvelles participations. \u00ab\u202fNous recevons environ 200\u202finstitutions, dont les trois quarts viennent de l\u2019\u00e9tranger, ajoute-telle. Paris Photo reste un moment essentiel, \u00e0 la fois pour d\u00e9couvrir, \u00e9changer et vendre.\u202f\u00bb<\/p>\n<p>Un succ\u00e8s qui s\u2019explique aussi par le renouvellement du m\u00e9dium lui-m\u00eame. Les grandes signatures \u2013\u202fRichard Prince, Andreas Gursky, Cindy Sherman\u202f\u2013 continuent d\u2019occuper le haut du march\u00e9, mais la curiosit\u00e9 se d\u00e9place vers d\u2019autres territoires. De jeunes artistes revisitent des proc\u00e9d\u00e9s anciens, du cyanotype au photogramme, quand d\u2019autres explorent le num\u00e9rique ou l\u2019intelligence artificielle.<\/p>\n<p>\u00ab\u202fLa photographie est plurielle, et c\u2019est pr\u00e9cis\u00e9ment ce que nous voulons montrer\u2009: un panorama aussi large que possible, de l\u2019historique au contemporain\u202f\u00bb, insiste Florence Bourgeois. Cette vitalit\u00e9 s\u2019appuie sur un tissu de galeries toujours plus cosmopolite. Le secteur Curiosa, d\u00e9volu \u00e0 la d\u00e9couverte, accueille cette ann\u00e9e des professionnels venus de Turquie, d\u2019Inde ou d\u2019\u00c9gypte. Foire marchande par d\u00e9finition mais aussi foisonnant mus\u00e9e, l\u2019\u00e9v\u00e9nement a attir\u00e9 80\u2009000 visiteurs l\u2019an pass\u00e9.<\/p>\n<p>Voici cinq stands \u00e0 ne pas manquer pour saisir l\u2019esprit de cette \u00e9dition :&#13;\n<\/p>\n<p><strong>\u2b50 Les balafres de Sophie Ristelhueber. <\/strong>\u00c0 l\u2019entr\u00e9e principale du Grand Palais, Poggi pr\u00e9sente une installation monumentale de Sophie Ristelhueber, la photographe laur\u00e9ate 2025 du prix Hasselblad, le \u00ab\u202fNobel\u202f\u00bb de la photo. Sur un mur de 36\u202fm\u00e8tres de long et plus de 3\u202fm\u00e8tres de haut, ses paysages d\u00e9vast\u00e9s et ses ruines vid\u00e9es des hommes t\u00e9moignent des sursauts du monde et accrochent le visiteur d\u00e8s son arriv\u00e9e.\u00a0\u00a0<\/p>\n<p>\u2b50<strong> La collectionneuse. <\/strong>Il est rare qu\u2019une foire expose une collection priv\u00e9e. Paris Photo consacre cette ann\u00e9e un espace \u00e0 celle d\u2019Estrellita\u202fB. Brodsky, historienne de l\u2019art et passionn\u00e9e par la photographie de l\u2019Am\u00e9rique du Sud. On y retrouve 60\u202f\u0153uvres d\u2019artistes tels que Paz -Err\u00e1zuriz et Fernell Franco ainsi que des figures plus jeunes comme Regina Jos\u00e9 Galindo, Tania Franco Klein et Pablo L\u00f3pez Luz.<\/p>\n<p><strong>\u2b50 Un jardin-cyborg. <\/strong>Au c\u0153ur du r\u00e9cent secteur consacr\u00e9 \u00e0 la photographie et \u00e0 l\u2019image dans l\u2019\u00e8re num\u00e9rique, Julieta Tarraubella d\u00e9voile sa s\u00e9rie The Secret Life of Flowers, une installation audiovisuelle prenant la forme d\u2019un \u00ab\u202fjardin-cyborg\u202f\u00bb. Gr\u00e2ce \u00e0 des \u00e9crans en mosa\u00efque o\u00f9 se d\u00e9roulent des images en time-lapse (clich\u00e9s captur\u00e9s \u00e0 intervalles r\u00e9guliers et diffus\u00e9s en acc\u00e9l\u00e9r\u00e9), le cycle de vie des fleurs\u00a0 devient un environnement sculptural au milieu duquel on d\u00e9ambule.<\/p>\n<p><strong>\u2b50 Le monde \u00e9trange de Torbjorn Rodland. <\/strong>Ambiance polar scandinave avec cette photo d\u2019enfant tout mignon tenant contre son visage un couteau de cuisine japonais d\u00e9mesur\u00e9. Quand l\u2019\u00e9trange et le d\u00e9rangeant s\u2019invitent dans le quotidien, quand les clich\u00e9s sont satur\u00e9s de symbolisme, de lyrisme et d\u2019\u00e9rotisme, c\u2019est que vous \u00eates bien dans l\u2019univers du Norv\u00e9gien Torbjorn Rodland.<\/p>\n<p><strong>\u2b50 Joel Meyerowitz bien entour\u00e9<\/strong>. La douce image de Roseville Cottages, avec son ciel entre bleu tendre et rose de soleil couchant qui se refl\u00e8te sur les maisons aux teintes pastel, est en fronton du stand Polka. Un clich\u00e9 de Joel Meyerowitz issu de sa c\u00e9l\u00e8bre s\u00e9rie Cape Light sur le paysage am\u00e9ricain qui rappelle Edward Hopper. On peut aussi y voir Steve McCurry, Sebasti\u00e3o Salgado, William Klein ou encore la g\u00e9niale \u00c9lo\u00efse Labarbe-Lafon et son \u00e9pop\u00e9e amoureuse am\u00e9ricaine.\u202f<\/p>\n<p style=\"text-decoration: underline;\"><strong>5 stands \u00e0 voir<\/strong><\/p>\n<p><strong>\u2b50 Sophie Ristelhueber &#8211; <\/strong>Sur le stand Poggi (France) A24<br \/><strong>\u2b50 Collection Estrellita B.\u202fBrodsky &#8211; <\/strong>Dans la galerie sud-est au rez-de-chauss\u00e9e du\u202fGrand Palais<br \/><strong>\u2b50 Julieta Tarraubella<\/strong> &#8211; Sur le stand Rolf Art (Argentine), F02<br \/><strong>\u2b50 Torbjorn Rodland &#8211; <\/strong>Sur le stand Eva Presnhuber (Suisse), B54<br \/><strong>\u2b50 Joel Meyerowitz &#8211; <\/strong>Sur le stand de la galerie Polka (France) B10, et \u00e0 la galerie, cour de Venise, 12, rue Saint-Gilles (Paris\u202f3e)<\/p>\n<p>\u2139\ufe0f Paris Photo Jusqu\u2019au 16\u202fnovembre \u00e0 19\u202fheures 3, avenue du G\u00e9n\u00e9ral-Eisenhower (Paris 8e).<\/p>\n","protected":false},"excerpt":{"rendered":"Dix ans apr\u00e8s la fr\u00e9n\u00e9sie sp\u00e9culative du d\u00e9but des ann\u00e9es 2010, le march\u00e9 de la photographie a retrouv\u00e9&hellip;\n","protected":false},"author":2,"featured_media":537862,"comment_status":"","ping_status":"","sticky":false,"template":"","format":"standard","meta":{"footnotes":""},"categories":[1888],"tags":[17,11,1777,674,1011,27,2515,3102,65666,12,12823,626,2745,1756,25,8133],"class_list":{"0":"post-537861","1":"post","2":"type-post","3":"status-publish","4":"format-standard","5":"has-post-thumbnail","7":"category-paris","8":"tag-17","9":"tag-actualites","10":"tag-eu","11":"tag-europe","12":"tag-fr","13":"tag-france","14":"tag-grand","15":"tag-la-tribune-dimanche","16":"tag-nef","17":"tag-news","18":"tag-palais","19":"tag-paris","20":"tag-photo","21":"tag-photographie","22":"tag-republique-francaise","23":"tag-retour"},"share_on_mastodon":{"url":"https:\/\/pubeurope.com\/@fr\/115558672486610125","error":""},"_links":{"self":[{"href":"https:\/\/www.europesays.com\/fr\/wp-json\/wp\/v2\/posts\/537861","targetHints":{"allow":["GET"]}}],"collection":[{"href":"https:\/\/www.europesays.com\/fr\/wp-json\/wp\/v2\/posts"}],"about":[{"href":"https:\/\/www.europesays.com\/fr\/wp-json\/wp\/v2\/types\/post"}],"author":[{"embeddable":true,"href":"https:\/\/www.europesays.com\/fr\/wp-json\/wp\/v2\/users\/2"}],"replies":[{"embeddable":true,"href":"https:\/\/www.europesays.com\/fr\/wp-json\/wp\/v2\/comments?post=537861"}],"version-history":[{"count":0,"href":"https:\/\/www.europesays.com\/fr\/wp-json\/wp\/v2\/posts\/537861\/revisions"}],"wp:featuredmedia":[{"embeddable":true,"href":"https:\/\/www.europesays.com\/fr\/wp-json\/wp\/v2\/media\/537862"}],"wp:attachment":[{"href":"https:\/\/www.europesays.com\/fr\/wp-json\/wp\/v2\/media?parent=537861"}],"wp:term":[{"taxonomy":"category","embeddable":true,"href":"https:\/\/www.europesays.com\/fr\/wp-json\/wp\/v2\/categories?post=537861"},{"taxonomy":"post_tag","embeddable":true,"href":"https:\/\/www.europesays.com\/fr\/wp-json\/wp\/v2\/tags?post=537861"}],"curies":[{"name":"wp","href":"https:\/\/api.w.org\/{rel}","templated":true}]}}