{"id":537863,"date":"2025-11-16T09:29:13","date_gmt":"2025-11-16T09:29:13","guid":{"rendered":"https:\/\/www.europesays.com\/fr\/537863\/"},"modified":"2025-11-16T09:29:13","modified_gmt":"2025-11-16T09:29:13","slug":"en-direct-guerre-en-ukraine-volodymyr-zelensky-reclame-des-systemes-de-defense-aerienne","status":"publish","type":"post","link":"https:\/\/www.europesays.com\/fr\/537863\/","title":{"rendered":"EN DIRECT &#8211; Guerre en Ukraine : Volodymyr Zelensky r\u00e9clame des syst\u00e8mes de d\u00e9fense a\u00e9rienne"},"content":{"rendered":"<p>Voici ce qu&rsquo;il s&rsquo;est pass\u00e9 au cours des derni\u00e8res 24h :\u00a0<\/p>\n<p>&#8211; Le pr\u00e9sident ukrainien Volodymyr Zelensky a annonc\u00e9 samedi entamer une \u00ab\u00a0refonte\u00a0\u00bb des entreprises publiques du secteur \u00e9nerg\u00e9tique ukrainien, dont l&rsquo;op\u00e9rateur du nucl\u00e9aire Energoatom, au centre d&rsquo;un vaste scandale de corruption depuis plusieurs jours.Lundi, le Bureau anticorruption ukrainien (NABU) avait annonc\u00e9 avoir mis au jour un \u00ab\u00a0syst\u00e8me criminel\u00a0\u00bb \u00e0 l&rsquo;origine du d\u00e9tournement de 100 millions de dollars (environ 86 millions d&rsquo;euros) dans ce secteur, conduisant au limogeage des ministres de la Justice et de l\u2019\u00c9nergie.\u00a0<\/p>\n<p>Outre les affaires juridiques, le secteur \u00e9nerg\u00e9tique ukrainien a \u00e9t\u00e9 durement touch\u00e9 ces derniers jours par une campagne de frappes de missiles et de drones russes, plongeant une grande partie de l&rsquo;Ukraine dans le noir.<\/p>\n<p>Le dernier bombardement massif sur la capitale vendredi a fait sept morts, l&rsquo;une des victimes \u00e9tant d\u00e9c\u00e9d\u00e9e samedi \u00e0 l\u2019h\u00f4pital.<\/p>\n<p>&#8211; Volodymyr Zelensky a renouvel\u00e9 samedi son appel aux partenaires de l&rsquo;Ukraine pour obtenir davantage de syst\u00e8mes de d\u00e9fense a\u00e9rienne, au lendemain de frappes russes qui ont fait sept morts \u00e0 Kiev.<\/p>\n<p>\u00ab\u00a0L&rsquo;Ukraine a besoin de soutien pour sauver des vies : davantage de syst\u00e8mes de d\u00e9fense a\u00e9rienne, des capacit\u00e9s de protection renforc\u00e9es et une plus grande d\u00e9termination de la part de nos partenaires\u00a0\u00bb, a d\u00e9clar\u00e9 le dirigeant ukrainien sur les r\u00e9seaux sociaux.<\/p>\n<p>Cet appel survient alors que les autorit\u00e9s ont revu \u00e0 la hausse le bilan des frappes russes qui ont touch\u00e9 des immeubles d&rsquo;habitation vendredi \u00e0 Kiev, apr\u00e8s le d\u00e9c\u00e8s d&rsquo;une dame \u00e2g\u00e9e qui avait \u00e9t\u00e9 admise \u00e0 l&rsquo;h\u00f4pital.<\/p>\n","protected":false},"excerpt":{"rendered":"Voici ce qu&rsquo;il s&rsquo;est pass\u00e9 au cours des derni\u00e8res 24h :\u00a0 &#8211; Le pr\u00e9sident ukrainien Volodymyr Zelensky a&hellip;\n","protected":false},"author":2,"featured_media":496892,"comment_status":"","ping_status":"","sticky":false,"template":"","format":"standard","meta":{"footnotes":""},"categories":[1591],"tags":[1111,11,1921,5925,1887,1922,12,2543,1885,1886,132,220,1917,59253,133,1920],"class_list":{"0":"post-537863","1":"post","2":"type-post","3":"status-publish","4":"format-standard","5":"has-post-thumbnail","7":"category-russie","8":"tag-actu","9":"tag-actualites","10":"tag-article-video","11":"tag-conflits-et-guerre","12":"tag-federation-de-russie","13":"tag-info","14":"tag-news","15":"tag-relations-internationales","16":"tag-russia","17":"tag-russian-federation","18":"tag-russie","19":"tag-ukraine","20":"tag-ukraine-4-annee-de-guerre","21":"tag-ukraine-russie-lespoir-de-negociations-au-point-mort","22":"tag-video","23":"tag-video-international"},"share_on_mastodon":{"url":"https:\/\/pubeurope.com\/@fr\/115558676244367860","error":""},"_links":{"self":[{"href":"https:\/\/www.europesays.com\/fr\/wp-json\/wp\/v2\/posts\/537863","targetHints":{"allow":["GET"]}}],"collection":[{"href":"https:\/\/www.europesays.com\/fr\/wp-json\/wp\/v2\/posts"}],"about":[{"href":"https:\/\/www.europesays.com\/fr\/wp-json\/wp\/v2\/types\/post"}],"author":[{"embeddable":true,"href":"https:\/\/www.europesays.com\/fr\/wp-json\/wp\/v2\/users\/2"}],"replies":[{"embeddable":true,"href":"https:\/\/www.europesays.com\/fr\/wp-json\/wp\/v2\/comments?post=537863"}],"version-history":[{"count":0,"href":"https:\/\/www.europesays.com\/fr\/wp-json\/wp\/v2\/posts\/537863\/revisions"}],"wp:featuredmedia":[{"embeddable":true,"href":"https:\/\/www.europesays.com\/fr\/wp-json\/wp\/v2\/media\/496892"}],"wp:attachment":[{"href":"https:\/\/www.europesays.com\/fr\/wp-json\/wp\/v2\/media?parent=537863"}],"wp:term":[{"taxonomy":"category","embeddable":true,"href":"https:\/\/www.europesays.com\/fr\/wp-json\/wp\/v2\/categories?post=537863"},{"taxonomy":"post_tag","embeddable":true,"href":"https:\/\/www.europesays.com\/fr\/wp-json\/wp\/v2\/tags?post=537863"}],"curies":[{"name":"wp","href":"https:\/\/api.w.org\/{rel}","templated":true}]}}