{"id":537866,"date":"2025-11-16T09:31:15","date_gmt":"2025-11-16T09:31:15","guid":{"rendered":"https:\/\/www.europesays.com\/fr\/537866\/"},"modified":"2025-11-16T09:31:15","modified_gmt":"2025-11-16T09:31:15","slug":"niakhate-senegal-et-tessmann-etats-unis-tres-sollicites","status":"publish","type":"post","link":"https:\/\/www.europesays.com\/fr\/537866\/","title":{"rendered":"Niakhat\u00e9 (S\u00e9n\u00e9gal) et Tessmann (\u00c9tats-Unis) tr\u00e8s sollicit\u00e9s"},"content":{"rendered":"<p>                            <img width=\"770\" height=\"433\" src=\"https:\/\/www.europesays.com\/fr\/wp-content\/uploads\/2025\/10\/AFP__20240728__2164042862__v2__HighRes__NewZealandVUnitedStatesMenSFootballOlympicGa-e1724336546199-.jpeg\" class=\"attachment-article size-article wp-post-image\" alt=\"Tanner Tessmann, milieu des Etats-Unis\" decoding=\"async\" fetchpriority=\"high\"  \/><\/p>\n<p>Tanner Tessmann, milieu des Etats-Unis (Photo by ALEX LIVESEY \/ GETTY IMAGES EUROPE \/ Getty Images via AFP)<\/p>\n<p>Deux \u00e9l\u00e9ments importants de l&rsquo;OL jouaient samedi soir avec leur s\u00e9lection respective. Avec des destins contraires pour Moussa Niakhat\u00e9 (S\u00e9n\u00e9gal) et Tanner Tessmann (\u00c9tats-Unis).<\/p>\n<p>Encore une semaine avant de retrouver l&rsquo;OL. Dimanche prochain, dans le tr\u00e8s reconnaissable et appr\u00e9ciable stade l&rsquo;Abb\u00e9-Deschamps, il <a href=\"https:\/\/www.olympique-et-lyonnais.com\/a-auxerre-lol-affrontera-la-moins-bonne-attaque-de-ligue-1,384781.html\" target=\"_blank\" rel=\"noopener\">d\u00e9fiera Auxerre<\/a> lors de la 13e journ\u00e9e de Ligue 1. Une affiche forc\u00e9ment particuli\u00e8re, car les Lyonnais y retrouveront la lanterne rouge du championnat, tout en restant sur quatre matchs sans victoire. Mais avant \u00e7a, certains ont des rendez-vous internationaux \u00e0 disputer. C&rsquo;est le cas de Moussa <strong>Niakhat\u00e9 <\/strong>(S\u00e9n\u00e9gal) et Tanner <strong>Tessmann <\/strong>(\u00c9tats-Unis).<\/p>\n<p>Soir\u00e9e difficile pour le S\u00e9n\u00e9gal de Niakhat\u00e9<\/p>\n<p>Le premier affrontait le Br\u00e9sil \u00e0 Londres dans une affiche de gala entre deux bonnes s\u00e9lections. Et \u00e7a n&rsquo;a pas tr\u00e8s bien tourn\u00e9 pour le d\u00e9fenseur central et ses co\u00e9quipiers, qui ont v\u00e9cu une partie difficile. Elle s&rsquo;est conclue sur un score de 2 \u00e0 0 pour les Br\u00e9siliens. La Sele\u00e7\u00e3o\u00a0a gagn\u00e9 avec deux buts sign\u00e9s <strong>Est\u00eavao <\/strong>(28e) et <strong>Casemiro <\/strong>(35e). Plut\u00f4t domin\u00e9s, bien qu&rsquo;ayant eu le ballon 53 % du temps, les S\u00e9n\u00e9galais ont eu du mal \u00e0 se montrer dangereux (une seule frappe cadr\u00e9e).<\/p>\n<p>Un test grandeur nature n\u00e9anmoins pour Niakhat\u00e9 et ses compatriotes avant la CAN qui arrive tr\u00e8s vite, le 21 d\u00e9cembre. <a href=\"https:\/\/www.olympique-et-lyonnais.com\/cette-saison-les-cadres-de-lol-repondent-presents,384719.html\" target=\"_blank\" rel=\"noopener\">Le Rhodanien<\/a> a jou\u00e9 l&rsquo;int\u00e9gralit\u00e9 de cette confrontation. Il doit ensuite se mesurer au Kenya mardi, mais il est possible qu&rsquo;il soit exempt\u00e9. <\/p>\n<p>Tessmann vainqueur avec les \u00c9tats-Unis<\/p>\n<p>De l&rsquo;autre c\u00f4t\u00e9 de l&rsquo;Atlantique, Tanner <strong>Tessmann<\/strong>, moins fringuant derni\u00e8rement avec l&rsquo;Olympique lyonnais, \u00e9tait pareillement titulaire avec les Am\u00e9ricains. Avec son \u00e9quipe, il a battu le Paraguay en amical 2 \u00e0 1. Le milieu de terrain est rest\u00e9 sur la pelouse durant les 90 minutes de ce duel. En sera-t-il de m\u00eame entre mardi et mercredi (1 heure du matin en France) face \u00e0 l&rsquo;Uruguay ? Le staff de l&rsquo;OL doit esp\u00e9rer qu&rsquo;il sera au moins un peu pr\u00e9serv\u00e9, ce qui lui laisserait le temps de souffler avant d&rsquo;aller en Bourgogne.<\/p>\n<p>Enfin, rappelons que le jeune gardien de 17 ans, Matthias\u00a0<strong>Da Silva<\/strong>, est engag\u00e9 avec le Portugal U19 dans les \u00e9liminatoires \u00e0 l&rsquo;Euro. Encore sur le banc samedi, il a assist\u00e9 au succ\u00e8s 4 \u00e0 1 de ses partenaires sur la Mac\u00e9doine du Nord. Les Portugais rel\u00e8vent la t\u00eate apr\u00e8s le nul 1-1 contre l&rsquo;Estonie. Premiers du groupe, il leur faudra ne pas perdre face \u00e0 la Belgique mardi prochain pour assurer leur place au deuxi\u00e8me tour. <\/p>\n","protected":false},"excerpt":{"rendered":"Tanner Tessmann, milieu des Etats-Unis (Photo by ALEX LIVESEY \/ GETTY IMAGES EUROPE \/ Getty Images via AFP)&hellip;\n","protected":false},"author":2,"featured_media":455045,"comment_status":"","ping_status":"","sticky":false,"template":"","format":"standard","meta":{"footnotes":""},"categories":[1589],"tags":[11,73,1866,12,64520,53485,1864,1865,1863,308],"class_list":{"0":"post-537866","1":"post","2":"type-post","3":"status-publish","4":"format-standard","5":"has-post-thumbnail","7":"category-etats-unis","8":"tag-actualites","9":"tag-etats-unis","10":"tag-etats-unis-damerique","11":"tag-news","12":"tag-niakhate","13":"tag-tessmann","14":"tag-united-states","15":"tag-united-states-of-america","16":"tag-us","17":"tag-usa"},"share_on_mastodon":{"url":"https:\/\/pubeurope.com\/@fr\/115558685317354385","error":""},"_links":{"self":[{"href":"https:\/\/www.europesays.com\/fr\/wp-json\/wp\/v2\/posts\/537866","targetHints":{"allow":["GET"]}}],"collection":[{"href":"https:\/\/www.europesays.com\/fr\/wp-json\/wp\/v2\/posts"}],"about":[{"href":"https:\/\/www.europesays.com\/fr\/wp-json\/wp\/v2\/types\/post"}],"author":[{"embeddable":true,"href":"https:\/\/www.europesays.com\/fr\/wp-json\/wp\/v2\/users\/2"}],"replies":[{"embeddable":true,"href":"https:\/\/www.europesays.com\/fr\/wp-json\/wp\/v2\/comments?post=537866"}],"version-history":[{"count":0,"href":"https:\/\/www.europesays.com\/fr\/wp-json\/wp\/v2\/posts\/537866\/revisions"}],"wp:featuredmedia":[{"embeddable":true,"href":"https:\/\/www.europesays.com\/fr\/wp-json\/wp\/v2\/media\/455045"}],"wp:attachment":[{"href":"https:\/\/www.europesays.com\/fr\/wp-json\/wp\/v2\/media?parent=537866"}],"wp:term":[{"taxonomy":"category","embeddable":true,"href":"https:\/\/www.europesays.com\/fr\/wp-json\/wp\/v2\/categories?post=537866"},{"taxonomy":"post_tag","embeddable":true,"href":"https:\/\/www.europesays.com\/fr\/wp-json\/wp\/v2\/tags?post=537866"}],"curies":[{"name":"wp","href":"https:\/\/api.w.org\/{rel}","templated":true}]}}