{"id":537881,"date":"2025-11-16T09:39:12","date_gmt":"2025-11-16T09:39:12","guid":{"rendered":"https:\/\/www.europesays.com\/fr\/537881\/"},"modified":"2025-11-16T09:39:12","modified_gmt":"2025-11-16T09:39:12","slug":"le-golf-de-crans-montana-au-coeur-dun-conflit-entre-proprietaires-et-communes","status":"publish","type":"post","link":"https:\/\/www.europesays.com\/fr\/537881\/","title":{"rendered":"Le golf de Crans-Montana au c\u0153ur d&rsquo;un conflit entre propri\u00e9taires et communes"},"content":{"rendered":"<p>Le dialogue est rompu entre les propri\u00e9taires de terrains du golf de Crans-Montana et les trois communes du Haut-Plateau (VS). L\u2019exploitation hivernale de cette immense surface se trouve d\u00e9sormais au c\u0153ur d\u2019un litige qui menace des activit\u00e9s tr\u00e8s fr\u00e9quent\u00e9es.<\/p>\n<p>L\u2019hiver dernier, pr\u00e8s de 90\u2019000 visiteurs se sont balad\u00e9s gratuitement sur le chemin des lanternes. Sur la neige, le golf accueille aussi d\u2019autres activit\u00e9s sportives. Cette offre pourrait pourtant dispara\u00eetre. La menace de ne plus autoriser l\u2019acc\u00e8s aux terrains a \u00e9t\u00e9 formul\u00e9e noir sur blanc d\u00e9but octobre dans une lettre adress\u00e9e aux trois communes du Haut-Plateau.<\/p>\n<p>Elle \u00e9mane des quelque 380 propri\u00e9taires qui d\u00e9tiennent 70% des parcelles du golf. \u00ab\u00a0On s\u2019estime perdants puisque nos terrains sont valoris\u00e9s par l\u2019exploitation qu\u2019en font les communes et on n\u2019est pas r\u00e9mun\u00e9r\u00e9s pour cette exploitation\u00a0\u00bb, estime Alain Viscolo, pr\u00e9sident du syndicat des propri\u00e9taires des terrains du Golf de Crans-Montana, samedi dans le 19h30.<\/p>\n<p>600&rsquo;000 francs par ann\u00e9e<\/p>\n<p>Les propri\u00e9taires encaissent actuellement 600\u2019000 francs par ann\u00e9e du golf club. Les communes, elles, ne paient pas de loyer pour l\u2019usage hivernal, mais ont tout de m\u00eame investi sept millions de francs ces cinq derni\u00e8res ann\u00e9es dans les infrastructures et les manifestations.<\/p>\n<p>\u00ab\u00a0Les gens doivent pouvoir se balader sur un golf en hiver recouvert de neige sans payer\u00a0\u00bb, souligne de son c\u00f4t\u00e9 David Bagnoud, pr\u00e9sident de la commune de Lens.<\/p>\n<p>Expropriations en dernier ressort<\/p>\n<p>Face au litige, les communes cherchent \u00e0 reprendre la main. Elles souhaitent racheter l\u2019ensemble des terrains, quitte \u00e0 recourir \u00e0 des expropriations en dernier ressort.<\/p>\n<p>\u00ab\u00a0Ils ont d\u00e9j\u00e0 fait des offres d&rsquo;un montant de 25 francs le m2. Pour nous, ce montant est totalement fantaisiste\u00a0\u00bb, rel\u00e8ve Alain Viscolo.<\/p>\n<p>Le syndicat des propri\u00e9taires autorisera finalement l\u2019acc\u00e8s au golf cet hiver, mais maintient ses revendications financi\u00e8res et n\u2019entend pas c\u00e9der sur ces points.<\/p>\n<p class=\"sources\">Flore Dussey\/hkr<\/p>\n","protected":false},"excerpt":{"rendered":"Le dialogue est rompu entre les propri\u00e9taires de terrains du golf de Crans-Montana et les trois communes du&hellip;\n","protected":false},"author":2,"featured_media":537882,"comment_status":"","ping_status":"","sticky":false,"template":"","format":"standard","meta":{"footnotes":""},"categories":[1418],"tags":[65668,2120,43885,65669,6359,1011,27,1472,65670,1393,10584,517,60,3067,21573,65671,50718],"class_list":{"0":"post-537881","1":"post","2":"type-post","3":"status-publish","4":"format-standard","5":"has-post-thumbnail","7":"category-golf","8":"tag-canton-du-valais","9":"tag-conflit","10":"tag-crans-montana","11":"tag-district-de-sierre","12":"tag-economie-et-finances","13":"tag-fr","14":"tag-france","15":"tag-golf","16":"tag-hautes-terres","17":"tag-loisirs","18":"tag-neige","19":"tag-sport","20":"tag-sports","21":"tag-suisse","22":"tag-tourisme-et-loisirs","23":"tag-valais","24":"tag-vie-quotidienne-et-loisirs"},"share_on_mastodon":{"url":"https:\/\/pubeurope.com\/@fr\/115558715575938868","error":""},"_links":{"self":[{"href":"https:\/\/www.europesays.com\/fr\/wp-json\/wp\/v2\/posts\/537881","targetHints":{"allow":["GET"]}}],"collection":[{"href":"https:\/\/www.europesays.com\/fr\/wp-json\/wp\/v2\/posts"}],"about":[{"href":"https:\/\/www.europesays.com\/fr\/wp-json\/wp\/v2\/types\/post"}],"author":[{"embeddable":true,"href":"https:\/\/www.europesays.com\/fr\/wp-json\/wp\/v2\/users\/2"}],"replies":[{"embeddable":true,"href":"https:\/\/www.europesays.com\/fr\/wp-json\/wp\/v2\/comments?post=537881"}],"version-history":[{"count":0,"href":"https:\/\/www.europesays.com\/fr\/wp-json\/wp\/v2\/posts\/537881\/revisions"}],"wp:featuredmedia":[{"embeddable":true,"href":"https:\/\/www.europesays.com\/fr\/wp-json\/wp\/v2\/media\/537882"}],"wp:attachment":[{"href":"https:\/\/www.europesays.com\/fr\/wp-json\/wp\/v2\/media?parent=537881"}],"wp:term":[{"taxonomy":"category","embeddable":true,"href":"https:\/\/www.europesays.com\/fr\/wp-json\/wp\/v2\/categories?post=537881"},{"taxonomy":"post_tag","embeddable":true,"href":"https:\/\/www.europesays.com\/fr\/wp-json\/wp\/v2\/tags?post=537881"}],"curies":[{"name":"wp","href":"https:\/\/api.w.org\/{rel}","templated":true}]}}