{"id":537885,"date":"2025-11-16T09:41:15","date_gmt":"2025-11-16T09:41:15","guid":{"rendered":"https:\/\/www.europesays.com\/fr\/537885\/"},"modified":"2025-11-16T09:41:15","modified_gmt":"2025-11-16T09:41:15","slug":"antoine-dupont-la-rupture-choc","status":"publish","type":"post","link":"https:\/\/www.europesays.com\/fr\/537885\/","title":{"rendered":"Antoine Dupont, la rupture choc !"},"content":{"rendered":"<p><strong>Victime d\u2019une rupture des<br \/>\nligaments crois\u00e9s en mars face \u00e0 l\u2019Irlande, Antoine Dupont<br \/>\nentrevoit enfin son retour.<\/strong><\/p>\n<p>Le retour d\u2019Antoine Dupont approche \u00e0 grands pas. Victime d\u2019une<br \/>\nrupture des ligaments crois\u00e9s en mars dernier, lors du match du XV<br \/>\nde France face \u00e0 l\u2019Irlande dans le Tournoi des Six Nations, le demi<br \/>\nde m\u00eal\u00e9e avait vu sa saison basculer sur une simple action.<br \/>\nD\u00e9sormais en fin de r\u00e9\u00e9ducation, il peaufine les derniers d\u00e9tails \u00e0<br \/>\nMarcoussis avec les Bleus avant de retrouver le Stade<br \/>\nToulousain.<\/p>\n<p>Si la blessure appartient d\u00e9sormais au pass\u00e9 pour le joueur de<br \/>\n29 ans, elle a laiss\u00e9 des traces au sein de sa famille. Sa m\u00e8re,<br \/>\nMarie-Pierre Gal\u00e8s, raconte dans le podcast Pourquoi le rugby<br \/>\nl\u2019onde de choc ressentie ce soir-l\u00e0. \u00ab\u00a0Personne n\u2019\u00e9tait en<br \/>\nIrlande, alors qu\u2019en g\u00e9n\u00e9ral il y a toujours quelqu\u2019un. Nous \u00e9tions<br \/>\ntous devant la t\u00e9l\u00e9. \u00c7a a \u00e9t\u00e9 un choc\u00a0\u00bb,<br \/>\nconfie-t-elle.<\/p>\n<blockquote class=\"twitter-tweet\"><p><a class=\"twitter-link\" rel=\"noindex, nofollow noopener\" href=\"https:\/\/twitter.com\/sports_fr\/status\/1989629543716434234\" target=\"_blank\"><\/p><\/blockquote>\n<p>\u00ab\u00a0Voir son enfant si triste\u2026\u00a0\u00bb<\/p>\n<p>Elle se souvient aussi d\u2019un Antoine Dupont tentant de rassurer<br \/>\nles siens d\u00e8s son retour au vestiaire. \u00ab Comme on l\u2019a eu<br \/>\nrapidement, quand il est rentr\u00e9 dans le vestiaire, il nous a<br \/>\nrassur\u00e9s pour dire que \u00e7a va. Mais en fait, ce n\u2019\u00e9tait pas<br \/>\nrassurant, parce qu\u2019on pensait bien que c\u2019\u00e9tait une blessure grave,<br \/>\nqu\u2019il avait tr\u00e8s mal \u00bb, a ensuite ajout\u00e9 Marie-Pierre<br \/>\nGal\u00e8s.<\/p>\n<p>La m\u00e8re du capitaine du XV de France s\u2019est \u00e9galement confi\u00e9e sur<br \/>\nl\u2019ambition qui anime d\u00e9sormais son fils : \u00ab Mon r\u00eave, ce serait<br \/>\nqu\u2019il soul\u00e8ve le troph\u00e9e Webb Ellis \u00e0 la prochaine Coupe du monde.<br \/>\nIl va tout faire pour revenir, \u00eatre au niveau, pour remporter le<br \/>\nGraal. \u00bb \u00c9voquant le Mondial 2023, encore douloureux, elle<br \/>\nraconte aussi l\u2019\u00e9motion de la famille face \u00e0 l\u2019\u00e9limination : \u00ab<br \/>\nOn a encore les larmes aux yeux. Voir son enfant si triste, c\u2019est<br \/>\ncomme quand, \u00e0 8 ans, il perdait un match au tournoi \u00e0 Castelnau.<br \/>\n\u00bb<\/p>\n<p><script async src=\"https:\/\/platform.twitter.com\/widgets.js\" charset=\"utf-8\"><\/script><\/p>\n","protected":false},"excerpt":{"rendered":"Victime d\u2019une rupture des ligaments crois\u00e9s en mars face \u00e0 l\u2019Irlande, Antoine Dupont entrevoit enfin son retour. Le&hellip;\n","protected":false},"author":2,"featured_media":537886,"comment_status":"","ping_status":"","sticky":false,"template":"","format":"standard","meta":{"footnotes":""},"categories":[1416],"tags":[1011,27,479,1468,60],"class_list":{"0":"post-537885","1":"post","2":"type-post","3":"status-publish","4":"format-standard","5":"has-post-thumbnail","7":"category-rugby","8":"tag-fr","9":"tag-france","10":"tag-rugby","11":"tag-rugby-football","12":"tag-sports"},"share_on_mastodon":{"url":"https:\/\/pubeurope.com\/@fr\/115558723333498610","error":""},"_links":{"self":[{"href":"https:\/\/www.europesays.com\/fr\/wp-json\/wp\/v2\/posts\/537885","targetHints":{"allow":["GET"]}}],"collection":[{"href":"https:\/\/www.europesays.com\/fr\/wp-json\/wp\/v2\/posts"}],"about":[{"href":"https:\/\/www.europesays.com\/fr\/wp-json\/wp\/v2\/types\/post"}],"author":[{"embeddable":true,"href":"https:\/\/www.europesays.com\/fr\/wp-json\/wp\/v2\/users\/2"}],"replies":[{"embeddable":true,"href":"https:\/\/www.europesays.com\/fr\/wp-json\/wp\/v2\/comments?post=537885"}],"version-history":[{"count":0,"href":"https:\/\/www.europesays.com\/fr\/wp-json\/wp\/v2\/posts\/537885\/revisions"}],"wp:featuredmedia":[{"embeddable":true,"href":"https:\/\/www.europesays.com\/fr\/wp-json\/wp\/v2\/media\/537886"}],"wp:attachment":[{"href":"https:\/\/www.europesays.com\/fr\/wp-json\/wp\/v2\/media?parent=537885"}],"wp:term":[{"taxonomy":"category","embeddable":true,"href":"https:\/\/www.europesays.com\/fr\/wp-json\/wp\/v2\/categories?post=537885"},{"taxonomy":"post_tag","embeddable":true,"href":"https:\/\/www.europesays.com\/fr\/wp-json\/wp\/v2\/tags?post=537885"}],"curies":[{"name":"wp","href":"https:\/\/api.w.org\/{rel}","templated":true}]}}