{"id":537887,"date":"2025-11-16T09:42:13","date_gmt":"2025-11-16T09:42:13","guid":{"rendered":"https:\/\/www.europesays.com\/fr\/537887\/"},"modified":"2025-11-16T09:42:13","modified_gmt":"2025-11-16T09:42:13","slug":"atp-finals-becker-au-sujet-de-lenieme-polemique-avec-zverev-sil-avait-gagne-je-laurais-encense-et-jaurais-dit-quil-avait-une-chance-de-remporter-le-tournoi","status":"publish","type":"post","link":"https:\/\/www.europesays.com\/fr\/537887\/","title":{"rendered":"ATP &#8211; Finals > Becker au sujet de l&rsquo;\u00e9ni\u00e8me pol\u00e9mique avec Zverev : \u00ab\u00a0S\u2019il avait gagn\u00e9, je l\u2019aurais encens\u00e9 et j\u2019aurais dit qu\u2019il avait une chance de remporter le tournoi. Mais il n\u2019a pas gagn\u00e9. Je dois faire mon travail, rester cr\u00e9dible et dire la v\u00e9rit\u00e9\u00a0\u00bb"},"content":{"rendered":"<p>En conf\u00e9\u00adrence de presse apr\u00e8s sa d\u00e9faite affreuse face \u00e0 Auger\u2010Aliassime, un jour\u00adna\u00adliste alle\u00admand a provoqu\u00e9 Sascha en \u00e9voquant une \u00e9ven\u00adtuelle aide de Boris Becker.\u00a0<\/p>\n<p>Zverev n\u2019a pas vrai\u00adment appr\u00e9ci\u00e9 la ques\u00adtion en \u00e9tant tr\u00e8s clair\u00a0: <strong>\u00ab\u202fCe que pense Boris ne m\u2019in\u00adt\u00e9\u00adresse\u00a0plus\u202f\u00bb\u00a0<\/strong><\/p>\n<p>Evidemment, Boum Boum a tr\u00e8s vite r\u00e9pondu \u00e0 Sascha. Il a pr\u00e9f\u00e9r\u00e9 calmer les esprits en expli\u00adquant qu\u2019il ne faisait que son travail en analy\u00adsant avec honn\u00ea\u00adtet\u00e9 les perfor\u00admances du meilleur joueur allemand.<\/p>\n<p>\u00ab\u202f<strong>S\u2019il avait gagn\u00e9, je l\u2019aurais encens\u00e9 et j\u2019aurais dit qu\u2019il avait une chance de remporter le tournoi. Mais il n\u2019a pas gagn\u00e9. Je dois faire mon travail, rester cr\u00e9dible et dire la v\u00e9rit\u00e9.\u00a0Sascha \u00e9tait tr\u00e8s \u00e9mu et la ques\u00adtion du jour\u00adna\u00adliste \u00e9tait provo\u00adca\u00adtrice. Il a omis tout ce qui s\u2019est pass\u00e9 avant et apr\u00e8s. Je suis un athl\u00e8te, cela ne me d\u00e9range pas. J\u2019ai d\u00e9j\u00e0 aid\u00e9 Sascha, je veux l\u2019aider \u00e0 nouveau.\u202f\u00bb<\/strong><\/p>\n<p class=\"post-published-date\" style=\"color: silver; font-size: 75%; text-align: left;\">Publi\u00e9 le dimanche 16 novembre 2025 \u00e0 09:40<\/p>\n","protected":false},"excerpt":{"rendered":"En conf\u00e9\u00adrence de presse apr\u00e8s sa d\u00e9faite affreuse face \u00e0 Auger\u2010Aliassime, un jour\u00adna\u00adliste alle\u00admand a provoqu\u00e9 Sascha en&hellip;\n","protected":false},"author":2,"featured_media":537888,"comment_status":"","ping_status":"","sticky":false,"template":"","format":"standard","meta":{"footnotes":""},"categories":[1415],"tags":[14496,1011,27,60,1467,4542],"class_list":{"0":"post-537887","1":"post","2":"type-post","3":"status-publish","4":"format-standard","5":"has-post-thumbnail","7":"category-tennis","8":"tag-auger-aliassime","9":"tag-fr","10":"tag-france","11":"tag-sports","12":"tag-tennis","13":"tag-zverev"},"share_on_mastodon":{"url":"https:\/\/pubeurope.com\/@fr\/115558727165867479","error":""},"_links":{"self":[{"href":"https:\/\/www.europesays.com\/fr\/wp-json\/wp\/v2\/posts\/537887","targetHints":{"allow":["GET"]}}],"collection":[{"href":"https:\/\/www.europesays.com\/fr\/wp-json\/wp\/v2\/posts"}],"about":[{"href":"https:\/\/www.europesays.com\/fr\/wp-json\/wp\/v2\/types\/post"}],"author":[{"embeddable":true,"href":"https:\/\/www.europesays.com\/fr\/wp-json\/wp\/v2\/users\/2"}],"replies":[{"embeddable":true,"href":"https:\/\/www.europesays.com\/fr\/wp-json\/wp\/v2\/comments?post=537887"}],"version-history":[{"count":0,"href":"https:\/\/www.europesays.com\/fr\/wp-json\/wp\/v2\/posts\/537887\/revisions"}],"wp:featuredmedia":[{"embeddable":true,"href":"https:\/\/www.europesays.com\/fr\/wp-json\/wp\/v2\/media\/537888"}],"wp:attachment":[{"href":"https:\/\/www.europesays.com\/fr\/wp-json\/wp\/v2\/media?parent=537887"}],"wp:term":[{"taxonomy":"category","embeddable":true,"href":"https:\/\/www.europesays.com\/fr\/wp-json\/wp\/v2\/categories?post=537887"},{"taxonomy":"post_tag","embeddable":true,"href":"https:\/\/www.europesays.com\/fr\/wp-json\/wp\/v2\/tags?post=537887"}],"curies":[{"name":"wp","href":"https:\/\/api.w.org\/{rel}","templated":true}]}}