{"id":537891,"date":"2025-11-16T09:47:14","date_gmt":"2025-11-16T09:47:14","guid":{"rendered":"https:\/\/www.europesays.com\/fr\/537891\/"},"modified":"2025-11-16T09:47:14","modified_gmt":"2025-11-16T09:47:14","slug":"le-beau-message-du-selectionneur-du-portugal-pour-ramos","status":"publish","type":"post","link":"https:\/\/www.europesays.com\/fr\/537891\/","title":{"rendered":"Le beau message du s\u00e9lectionneur du Portugal pour Ramos"},"content":{"rendered":"<p><strong>Roberto Martinez, s\u00e9lectionneur du Portugal, \u00e9tait en conf\u00e9rence de presse ce samedi \u00e0 la veille d\u2019affronter l\u2019Arm\u00e9nie dans le cadre des \u00e9liminatoires de la Coupe du Monde 2026. Il a notamment \u00e9t\u00e9 invit\u00e9 \u00e0 commenter l\u2019option Gon\u00e7alo Ramos pour jouer en pointe alors que Cristiano Ronaldo est suspendu. Le buteur de 24 ans du Paris Saint-Germain a eu le droit \u00e0 une certaine confiance.<\/strong><\/p>\n<blockquote>\n<p>\u00ab\u00a0Ramos a d\u00e9j\u00e0 r\u00e9alis\u00e9 de tr\u00e8s belles performances avec l\u2019\u00e9quipe nationale. C\u2019est l\u2019attaquant qui affiche la meilleure moyenne de minutes par but en comp\u00e9titions europ\u00e9ennes. C\u2019est un joueur tr\u00e8s important pour l\u2019\u00e9quipe nationale. Je ne peux pas encore annoncer le onze de d\u00e9part, mais il sera un \u00e9l\u00e9ment cl\u00e9.\u00a0\u00bb,\u00a0propos relay\u00e9s par\u00a0Paris sginfos.<\/p>\n<\/blockquote>\n<p>Ramos peut appr\u00e9cier cette confiance, surtout s\u2019il est bien titulaire demain alors que ce n\u2019est pas promis ici. Mais, malgr\u00e9 quelques performances d\u00e9cevantes et des critiques parfois tr\u00e8s piquantes des observateurs, le buteur parisien s\u2019en sort en effet avec un ratio de but par minutes assez impressionnant. Reste \u00e0 r\u00e9ussir \u00e0 \u00eatre d\u00e9cisif aussi en tant que titulaire, alors qu\u2019il se fait plut\u00f4t une \u00e9tiquette de super rempla\u00e7ant. On lui souhaite de changer cette image avec le Portugal comme au PSG, m\u00eame si la concurrence est rude.<\/p>\n<p>\t\t\t\t\t\t\t\t\t\t\t\t\t\t\t\t\t\t\t\t\t\t\t<img loading=\"lazy\" src=\"https:\/\/www.europesays.com\/fr\/wp-content\/uploads\/2025\/04\/ParisFans_Logo.png\" decoding=\"async\" class=\"lazyload\" width=\"240\" height=\"54\" data-eio-rwidth=\"240\" data-eio-rheight=\"54\"\/><\/p>\n","protected":false},"excerpt":{"rendered":"Roberto Martinez, s\u00e9lectionneur du Portugal, \u00e9tait en conf\u00e9rence de presse ce samedi \u00e0 la veille d\u2019affronter l\u2019Arm\u00e9nie dans&hellip;\n","protected":false},"author":2,"featured_media":537892,"comment_status":"","ping_status":"","sticky":false,"template":"","format":"standard","meta":{"footnotes":""},"categories":[1410],"tags":[63,1011,27,86,65672,60],"class_list":{"0":"post-537891","1":"post","2":"type-post","3":"status-publish","4":"format-standard","5":"has-post-thumbnail","7":"category-football","8":"tag-football","9":"tag-fr","10":"tag-france","11":"tag-goncalo-ramos","12":"tag-roberto-martinez","13":"tag-sports"},"share_on_mastodon":{"url":"https:\/\/pubeurope.com\/@fr\/115558747228207245","error":""},"_links":{"self":[{"href":"https:\/\/www.europesays.com\/fr\/wp-json\/wp\/v2\/posts\/537891","targetHints":{"allow":["GET"]}}],"collection":[{"href":"https:\/\/www.europesays.com\/fr\/wp-json\/wp\/v2\/posts"}],"about":[{"href":"https:\/\/www.europesays.com\/fr\/wp-json\/wp\/v2\/types\/post"}],"author":[{"embeddable":true,"href":"https:\/\/www.europesays.com\/fr\/wp-json\/wp\/v2\/users\/2"}],"replies":[{"embeddable":true,"href":"https:\/\/www.europesays.com\/fr\/wp-json\/wp\/v2\/comments?post=537891"}],"version-history":[{"count":0,"href":"https:\/\/www.europesays.com\/fr\/wp-json\/wp\/v2\/posts\/537891\/revisions"}],"wp:featuredmedia":[{"embeddable":true,"href":"https:\/\/www.europesays.com\/fr\/wp-json\/wp\/v2\/media\/537892"}],"wp:attachment":[{"href":"https:\/\/www.europesays.com\/fr\/wp-json\/wp\/v2\/media?parent=537891"}],"wp:term":[{"taxonomy":"category","embeddable":true,"href":"https:\/\/www.europesays.com\/fr\/wp-json\/wp\/v2\/categories?post=537891"},{"taxonomy":"post_tag","embeddable":true,"href":"https:\/\/www.europesays.com\/fr\/wp-json\/wp\/v2\/tags?post=537891"}],"curies":[{"name":"wp","href":"https:\/\/api.w.org\/{rel}","templated":true}]}}