{"id":537903,"date":"2025-11-16T09:55:23","date_gmt":"2025-11-16T09:55:23","guid":{"rendered":"https:\/\/www.europesays.com\/fr\/537903\/"},"modified":"2025-11-16T09:55:23","modified_gmt":"2025-11-16T09:55:23","slug":"comment-faire-pour-eviter-de-tomber-malade-cet-hiver","status":"publish","type":"post","link":"https:\/\/www.europesays.com\/fr\/537903\/","title":{"rendered":"Comment faire pour \u00e9viter de tomber malade cet hiver ?"},"content":{"rendered":"<p>             <a href=\"https:\/\/ma-sante.news\/wp-content\/uploads\/2025\/10\/pourquoi-certains-ne-tombent-jamais-malade-et-comment-eviter-de-tomber-malade-en-hiver-Ma-Sante-.jpeg\" data-caption=\"Et vous, malade ou pas malade en hiver ? \u00a9 Freepik\" target=\"_blank\" rel=\"noopener\"><img loading=\"lazy\" decoding=\"async\" width=\"696\" height=\"513\" class=\"entry-thumb td-modal-image ewww_webp_lazy_load\" src=\"data:image\/svg+xml,%3Csvg%20xmlns=\" http:=\"\" data-lazy- data-lazy- alt=\"Un homme \u00e0 moiti\u00e9 nu dans la neige car il ne tombe jamais malade en hiver.\" title=\"pourquoi certains ne tombent jamais malade et comment e\u0301viter de tomber malade en hiver Ma Sante\u0301\" data-lazy-src=\"https:\/\/www.europesays.com\/fr\/wp-content\/uploads\/2025\/11\/pourquoi-certains-ne-tombent-jamais-malade-et-comment-eviter-de-tomber-malade-en-hiver-Ma-Sante--696.jpeg\" data-lazy-src-webp=\"https:\/\/www.europesays.com\/fr\/wp-content\/uploads\/2025\/11\/pourquoi-certains-ne-tombent-jamais-malade-et-comment-eviter-de-tomber-malade-en-hiver-Ma-Sante--696.jpeg.webp\" data-lazy-srcset-webp=\"https:\/\/www.europesays.com\/fr\/wp-content\/uploads\/2025\/11\/pourquoi-certains-ne-tombent-jamais-malade-et-comment-eviter-de-tomber-malade-en-hiver-Ma-Sante--696.jpeg.webp 696w, https:\/\/ma-sante.news\/wp-content\/uploads\/2025\/10\/pourquoi-certains-ne-tombent-jamais-malade-et-comment-eviter-de-tomber-malade-en-hiver-Ma-Sante--300x221.jpeg.webp 300w, https:\/\/ma-sante.news\/wp-content\/uploads\/2025\/10\/pourquoi-certains-ne-tombent-jamais-malade-et-comment-eviter-de-tomber-malade-en-hiver-Ma-Sante--768x566.jpeg.webp 768w, https:\/\/ma-sante.news\/wp-content\/uploads\/2025\/10\/pourquoi-certains-ne-tombent-jamais-malade-et-comment-eviter-de-tomber-malade-en-hiver-Ma-Sante--570x420.jpeg.webp 570w, https:\/\/ma-sante.news\/wp-content\/uploads\/2025\/10\/pourquoi-certains-ne-tombent-jamais-malade-et-comment-eviter-de-tomber-malade-en-hiver-Ma-Sante--80x60.jpeg.webp 80w, https:\/\/ma-sante.news\/wp-content\/uploads\/2025\/10\/pourquoi-certains-ne-tombent-jamais-malade-et-comment-eviter-de-tomber-malade-en-hiver-Ma-Sante-.jpeg.webp 799w\"\/><\/a>Et vous, malade ou pas malade en hiver ? \u00a9 Freepik                                    \t\t\t             <a class=\"gofollow\" data-track=\"MjgsMCw2MA==\" href=\"https:\/\/ma-sante.news\/inscrivez-vous-a-notre-newsletter\/\" target=\"_blank\" rel=\"noopener\"><img loading=\"lazy\" decoding=\"async\" width=\"1068\" height=\"131\" src=\"data:image\/svg+xml,%3Csvg%20xmlns=\" http:=\"\" data-lazy-src=\"https:\/\/www.europesays.com\/fr\/wp-content\/uploads\/2025\/03\/banniere-newsletter.png\"\/><\/a> <\/p>\n<p>D\u00e8s les premi\u00e8res gel\u00e9es, les virus reprennent du service. Chaque ann\u00e9e, entre 2 et 6 millions de Fran\u00e7ais contractent la grippe, selon Sant\u00e9 publique France. Et ce chiffre ne compte pas <a href=\"https:\/\/ma-sante.news\/les-maladies-hivernales-ce-que-vous-devez-savoir-sur-les-virus-de-la-saison\/\" target=\"_blank\" rel=\"noopener\">les rhinovirus (responsables des rhumes), les norovirus (gastro-ent\u00e9rites) ni le SARS-CoV-2<\/a>, qui circule toujours.<\/p>\n<p>Le froid, lui, n\u2019est pas directement responsable. Mais il cr\u00e9e le terrain id\u00e9al pour les virus respiratoires. Les logements sont ferm\u00e9s, les bureaux surchauff\u00e9s, l\u2019air devient sec\u2026 Un cocktail qui affaiblit les muqueuses du nez et de la gorge, nos premi\u00e8res barri\u00e8res naturelles.<\/p>\n<p>Une \u00e9tude publi\u00e9e en d\u00e9cembre 2022 dans le Journal of Allergy and Clinical Immunology a montr\u00e9 que lorsque la temp\u00e9rature \u00e0 l\u2019int\u00e9rieur du nez chute autour de 32 \u00b0C, les cellules produisent pr\u00e8s de 40 % de v\u00e9sicules antivirales en moins. Ces petites structures jouent un r\u00f4le cl\u00e9 dans la d\u00e9fense contre les virus respiratoires. Autrement dit, notre syst\u00e8me immunitaire refroidit en m\u00eame temps que nous, alors il faut <a href=\"https:\/\/ma-sante.news\/8-conseils-pour-booster-son-immunite-cet-hiver\/\" target=\"_blank\" rel=\"noopener\">le prot\u00e9ger en hiver.<\/a><\/p>\n<p>S\u2019ajoute \u00e0 cela un facteur social. En hiver, on vit davantage \u00e0 l\u2019int\u00e9rieur, souvent en promiscuit\u00e9. Et les virus, eux, raffolent des espaces clos et mal a\u00e9r\u00e9s.<\/p>\n<p>        Ceux qui \u00e9chappent \u00e0 tout : un vrai myst\u00e8re scientifique ?    <\/p>\n<p>On les envie ceux qui n\u2019attrapent rien, m\u00eame quand tout le monde \u00e9ternue autour d\u2019eux. Les chercheurs ne parlent pas d\u2019immunit\u00e9 miraculeuse, mais de variabilit\u00e9 immunitaire.<\/p>\n<p>Certaines personnes sont effectivement mieux arm\u00e9es sur le plan biologique. Des \u00e9tudes men\u00e9es par l\u2019Institut Pasteur et l\u2019INSERM ont montr\u00e9 que les diff\u00e9rences g\u00e9n\u00e9tiques (notamment dans les g\u00e8nes du complexe HLA) influencent la rapidit\u00e9 et la pr\u00e9cision avec lesquelles notre organisme reconna\u00eet un agent infectieux.<\/p>\n<p>Mais cette g\u00e9n\u00e9tique favorable ne suffit pas \u00e0 tout expliquer. Deux personnes avec un profil g\u00e9n\u00e9tique comparable peuvent r\u00e9agir tr\u00e8s diff\u00e9remment \u00e0 un m\u00eame virus. C\u2019est l\u00e0 qu\u2019intervient l\u2019environnement, au sens large :\u00a0<\/p>\n<ul class=\"wp-block-list\">\n<li>sommeil,\u00a0<\/li>\n<li>alimentation,\u00a0<\/li>\n<li>activit\u00e9 physique,\u00a0<\/li>\n<li>stress,\u00a0<\/li>\n<li>microbiote intestinal\u2026<\/li>\n<\/ul>\n<p>        Mais pourquoi certains ne tombent-ils pas malade ?\u00a0    <strong>Le r\u00f4le fondamental du sommeil et du rythme de vie<\/strong>    <\/p>\n<p><a href=\"https:\/\/ma-sante.news\/sommeil-et-si-on-ameliorait-enfin-la-qualite-de-vos-nuits\/\" target=\"_blank\" rel=\"noopener\">Une bonne nuit de sommeil <\/a>est fondamentale quelle que soit la saison. Le lien entre sommeil et immunit\u00e9 est aujourd\u2019hui solidement \u00e9tabli. Une \u00e9tude publi\u00e9e dans Sleep (2015, Universit\u00e9 de Californie) a suivi 164 volontaires expos\u00e9s \u00e0 un virus du rhume : ceux qui <a href=\"https:\/\/ma-sante.news\/6-h-42-de-sommeil-par-nuit-pourquoi-les-francais-dorment-de-moins-en-moins\/\" target=\"_blank\" rel=\"noopener\">dormaient moins de 6 heures par nuit <\/a>\u00e9taient quatre fois plus susceptibles de tomber malades que ceux qui dormaient plus de 7 heures.<\/p>\n<p>Pendant la nuit, le corps lib\u00e8re des cytokines, prot\u00e9ines messag\u00e8res qui d\u00e9clenchent la r\u00e9ponse immunitaire. <a href=\"https:\/\/ma-sante.news\/dette-de-sommeil-comment-rattraper-le-sommeil-perdu\/\" target=\"_blank\" rel=\"noopener\">Le manque de sommeil<\/a> perturbe leur production, ce qui retarde donc la d\u00e9fense contre les virus.<\/p>\n<p>Le rythme de vie global joue aussi un r\u00f4le. L\u2019activit\u00e9 physique r\u00e9guli\u00e8re, m\u00eame mod\u00e9r\u00e9e, am\u00e9liore la circulation sanguine et mobilise les cellules immunitaires. Mais attention, \u00e0 l\u2019inverse, le surentra\u00eenement peut temporairement fragiliser le corps.<\/p>\n<p>        <strong>Le stress : un frein invisible mais bien r\u00e9el<\/strong>    <\/p>\n<p><a href=\"https:\/\/ma-sante.news\/stress-chronique-pourquoi-votre-cerveau-reagit-encore-comme-a-lage-de-pierre\/\" target=\"_blank\" rel=\"noopener\">Le stress chronique<\/a>, lui, agit en silence. Selon l\u2019INSERM, il provoque une lib\u00e9ration continue de cortisol, une hormone qui, \u00e0 long terme, affaiblit la r\u00e9action immunitaire. Le corps reste en mode \u00ab alerte \u00bb permanent et devient moins r\u00e9actif face \u00e0 un virus.<\/p>\n<p>Une m\u00e9ta-analyse publi\u00e9e en 2021 dans Psychosomatic Medicine a confirm\u00e9 ce constat : les personnes expos\u00e9es \u00e0 un stress prolong\u00e9 pr\u00e9sentaient jusqu\u2019\u00e0 deux fois plus d\u2019infections respiratoires que les autres. Un bon \u00e9quilibre \u00e9motionnel n\u2019est donc pas qu\u2019une question de bien-\u00eatre : c\u2019est un facteur biologique mesurable.<\/p>\n<p>        <strong>Le microbiote, ce bouclier souvent oubli\u00e9<\/strong>    <\/p>\n<p>Pr\u00e8s de <a href=\"https:\/\/ma-sante.news\/lintestin-est-il-vraiment-notre-deuxieme-cerveau\/\" target=\"_blank\" rel=\"noopener\">70 % du syst\u00e8me immunitaire se trouve dans l\u2019intestin<\/a>. Nos milliards de bact\u00e9ries intestinales, qui forment le microbiote, dialoguent en permanence avec les cellules immunitaires. <a href=\"https:\/\/ma-sante.news\/microbiote-intestinal-et-si-tout-se-jouait-dans-notre-ventre\/\" target=\"_blank\" rel=\"noopener\">Un microbiote riche et \u00e9quilibr\u00e9 <\/a>permet de mieux r\u00e9guler l\u2019inflammation et d\u2019\u00e9viter les r\u00e9actions excessives.<\/p>\n<p>Des travaux de l\u2019INRAE (Institut national de recherche pour l\u2019agriculture, l\u2019alimentation et l\u2019environnement) ont montr\u00e9 en 2021 que les personnes ayant une flore intestinale diversifi\u00e9e d\u00e9veloppaient une meilleure r\u00e9ponse immunitaire apr\u00e8s une vaccination antigrippale. \u00c0 l\u2019inverse, <a href=\"https:\/\/ma-sante.news\/nutrition-les-effets-negatifs-des-aliments-ultra-transformes-se-voient-en-quelques-semaines\/\" target=\"_blank\" rel=\"noopener\">une alimentation trop sucr\u00e9e, grasse ou pauvre en fibres<\/a>, ou des <a href=\"https:\/\/ma-sante.news\/les-bacteries-de-plus-en-plus-resistantes-aux-antibiotiques-pourquoi-cest-inquietant\/\" target=\"_blank\" rel=\"noopener\">traitements antibiotiques r\u00e9p\u00e9t\u00e9s<\/a>, appauvrissent cette flore protectrice.<\/p>\n<p>L\u2019alimentation devient donc un levier essentiel :<\/p>\n<ul class=\"wp-block-list\">\n<li>des fruits et l\u00e9gumes color\u00e9s pour les antioxydants,<\/li>\n<li>des l\u00e9gumineuses et produits ferment\u00e9s pour les fibres et probiotiques,<\/li>\n<li>des poissons gras pour les om\u00e9ga-3,<\/li>\n<li>et, bien s\u00fbr, une bonne hydratation.<\/li>\n<\/ul>\n<p>        <strong>La vitamine D, grande absente de l\u2019hiver<\/strong>    <\/p>\n<p>Selon Sant\u00e9 publique France, <a href=\"https:\/\/ma-sante.news\/vitamine-d-plus-de-la-moitie-des-francais-sont-en-carence\/\" target=\"_blank\" rel=\"noopener\">pr\u00e8s de 8 Fran\u00e7ais sur 10 pr\u00e9sentent un d\u00e9ficit en vitamine D<\/a> entre novembre et mars. Or, cette vitamine agit directement sur le syst\u00e8me immunitaire. Une synth\u00e8se de plusieurs \u00e9tudes cliniques publi\u00e9e dans le British Medical Journal (2017) a montr\u00e9 qu\u2019une suppl\u00e9mentation mod\u00e9r\u00e9e en vitamine D r\u00e9duisait de 12 \u00e0 40 % le risque d\u2019infections respiratoires aigu\u00ebs chez les personnes carenc\u00e9es.<\/p>\n<p>Bien que les sources alimentaires en vitamine D existent (saumon, maquereau, \u0153ufs, beurre, lait enrichi), elles ne suffisent pas toujours. D\u2019o\u00f9 <a href=\"https:\/\/ma-sante.news\/vitamine-d-faut-il-en-prendre-et-quand-commencer\/\" target=\"_blank\" rel=\"noopener\">les recommandations r\u00e9guli\u00e8res d\u2019un suivi m\u00e9dical et parfois d\u2019une suppl\u00e9mentation<\/a>, notamment en hiver.<\/p>\n<p>        Alors, jamais malade ?    <\/p>\n<p>Les personnes qui disent <a href=\"https:\/\/ma-sante.news\/froid-intense-et-fetes-de-fin-dannee-les-5-erreurs-qui-font-tomber-malade\/\" target=\"_blank\" rel=\"noopener\">ne jamais tomber malades en hiver <\/a>ne sont pas invincibles. Elles attrapent les m\u00eames virus que les autres, mais leur syst\u00e8me immunitaire les neutralise plus vite, parfois avant l\u2019apparition de sympt\u00f4mes.<\/p>\n<p>On parle alors d\u2019infection asymptomatique. Des \u00e9tudes sur la grippe et le Covid-19 l\u2019ont d\u2019ailleurs confirm\u00e9. Jusqu\u2019\u00e0 un tiers des infections peuvent passer inaper\u00e7ues, tout en g\u00e9n\u00e9rant une r\u00e9ponse immunitaire. Leur organisme agit donc en silence, sans fi\u00e8vre, sans toux, sans arr\u00eat maladie.\u00a0<\/p>\n<blockquote class=\"wp-block-quote is-layout-flow wp-block-quote-is-layout-flow\">\n<p><strong>\u00c0 SAVOIR<\/strong><\/p>\n<p>Selon Sant\u00e9 publique France (2024), a\u00e9rer son logement 10 minutes matin et soir r\u00e9duit jusqu\u2019\u00e0 20 % le risque de transmission des virus en hiver. ET pour optimiser vos chances de ne pas tomber malade, maintenez une humidit\u00e9 entre 40 et 60 % pour \u00e9viter la propagation des virus.<\/p>\n<\/blockquote>\n<p>  <a class=\"gofollow\" data-track=\"MTIsMCw2MA==\" href=\"https:\/\/ma-sante.news\/annonceurs\/\" target=\"_blank\" rel=\"noopener\"><img loading=\"lazy\" decoding=\"async\" width=\"2560\" height=\"2133\" src=\"data:image\/svg+xml,%3Csvg%20xmlns=\" http:=\"\" data-lazy-src=\"https:\/\/www.europesays.com\/fr\/wp-content\/uploads\/2025\/03\/pub-annonceurs-4-scaled.jpg\"\/><\/a>    <img loading=\"lazy\" decoding=\"async\" width=\"755\" height=\"495\" src=\"data:image\/svg+xml,%3Csvg%20xmlns=\" http:=\"\" data-lazy-src=\"https:\/\/www.europesays.com\/fr\/wp-content\/uploads\/2025\/03\/Image1.jpg\" data-lazy-src-webp=\"https:\/\/www.europesays.com\/fr\/wp-content\/uploads\/2025\/03\/Image1.jpg.webp\" class=\"ewww_webp_lazy_load\"\/>Inscrivez-vous \u00e0 notre newsletter <br \/>Ma Sant\u00e9                      <\/p>\n","protected":false},"excerpt":{"rendered":"Et vous, malade ou pas malade en hiver ? \u00a9 Freepik D\u00e8s les premi\u00e8res gel\u00e9es, les virus reprennent&hellip;\n","protected":false},"author":2,"featured_media":537904,"comment_status":"","ping_status":"","sticky":false,"template":"","format":"standard","meta":{"footnotes":""},"categories":[10],"tags":[10654,1011,27,72,71,5336],"class_list":{"0":"post-537903","1":"post","2":"type-post","3":"status-publish","4":"format-standard","5":"has-post-thumbnail","7":"category-sante","8":"tag-enfants-malades","9":"tag-fr","10":"tag-france","11":"tag-health","12":"tag-sante","13":"tag-virus"},"share_on_mastodon":{"url":"https:\/\/pubeurope.com\/@fr\/115558778370237048","error":""},"_links":{"self":[{"href":"https:\/\/www.europesays.com\/fr\/wp-json\/wp\/v2\/posts\/537903","targetHints":{"allow":["GET"]}}],"collection":[{"href":"https:\/\/www.europesays.com\/fr\/wp-json\/wp\/v2\/posts"}],"about":[{"href":"https:\/\/www.europesays.com\/fr\/wp-json\/wp\/v2\/types\/post"}],"author":[{"embeddable":true,"href":"https:\/\/www.europesays.com\/fr\/wp-json\/wp\/v2\/users\/2"}],"replies":[{"embeddable":true,"href":"https:\/\/www.europesays.com\/fr\/wp-json\/wp\/v2\/comments?post=537903"}],"version-history":[{"count":0,"href":"https:\/\/www.europesays.com\/fr\/wp-json\/wp\/v2\/posts\/537903\/revisions"}],"wp:featuredmedia":[{"embeddable":true,"href":"https:\/\/www.europesays.com\/fr\/wp-json\/wp\/v2\/media\/537904"}],"wp:attachment":[{"href":"https:\/\/www.europesays.com\/fr\/wp-json\/wp\/v2\/media?parent=537903"}],"wp:term":[{"taxonomy":"category","embeddable":true,"href":"https:\/\/www.europesays.com\/fr\/wp-json\/wp\/v2\/categories?post=537903"},{"taxonomy":"post_tag","embeddable":true,"href":"https:\/\/www.europesays.com\/fr\/wp-json\/wp\/v2\/tags?post=537903"}],"curies":[{"name":"wp","href":"https:\/\/api.w.org\/{rel}","templated":true}]}}