{"id":537905,"date":"2025-11-16T09:56:11","date_gmt":"2025-11-16T09:56:11","guid":{"rendered":"https:\/\/www.europesays.com\/fr\/537905\/"},"modified":"2025-11-16T09:56:11","modified_gmt":"2025-11-16T09:56:11","slug":"le-couteau-suisse-jegou-ntamack-decoit-la-fete-a-bordeaux-les-coups-de-coeur-et-coups-de-griffe-de-notre-envoye-special","status":"publish","type":"post","link":"https:\/\/www.europesays.com\/fr\/537905\/","title":{"rendered":"le couteau suisse Jegou, Ntamack d\u00e9\u00e7oit, la f\u00eate \u00e0 Bordeaux&#8230; Les coups de c\u0153ur et coups de griffe de notre envoy\u00e9 sp\u00e9cial"},"content":{"rendered":"<p>\n    Apr\u00e8s la victoire des Bleus face aux Fidjiens, d\u00e9couvrez ce qui a retenu l\u2019attention de notre journaliste pr\u00e9sent au Stade Atlantique de Bordeaux.<\/p>\n<p class=\"fig-paragraph\"><strong>COUPS DE C\u0152UR<\/strong><\/p>\n<p>Seule la victoire est belle<\/p>\n<p class=\"fig-paragraph\">\u00c9videmment que\u00a0<a href=\"http:\/\/www.lefigaro.fr\/sports\/rugby\/xv-de-france\/france-fidji-les-bleus-s-en-sortent-sans-convaincre-20251115\" data-fig-type=\"NewsFlash\" data-gtm-custom-categorie=\"navigation\" data-gtm-custom-action=\"crossclick\" data-gtm-custom-label=\"Contextuel\" data-gtm-event=\"customEventSPE\" data-fig-domain=\"LEFIGARO\" rel=\"nofollow noopener\" target=\"_blank\">le XV de France n\u2019a pas rassur\u00e9<\/a>, ce samedi, face aux Fidji. Brillants puis atones, les joueurs de Fabien Galthi\u00e9 se sont fait quelques frayeurs, ils n\u2019ont pas cach\u00e9 qu\u2019ils ont m\u00eame dout\u00e9 quand, apr\u00e8s avoir men\u00e9 21-0, les joueurs du Pacifique ont \u00e9galis\u00e9. \u00abOn ne pensait peut-\u00eatre pas qu\u2019ils \u00e9taient aussi forts collectivement\u00bb, a l\u00e2ch\u00e9, na\u00efvement,\u00a0<a href=\"http:\/\/www.lefigaro.fr\/sports\/rugby\/xv-de-france\/le-recordman-penaud-bielle-biarrey-malheureux-l-afrique-du-sud-assomme-le-stade-de-france-le-cauchemar-des-bleus-en-images-20251109\" data-fig-type=\"NewsFlash\" data-gtm-custom-categorie=\"navigation\" data-gtm-custom-action=\"crossclick\" data-gtm-custom-label=\"Contextuel\" data-gtm-event=\"customEventSPE\" data-fig-domain=\"LEFIGARO\" rel=\"nofollow noopener\" target=\"_blank\">Louis Bielle-Biarrey<\/a>\u00a0\u00e0 l\u2019issue du match. Mais l\u2019essentiel est l\u00e0 avant d\u2019affronter l\u2019Australie en cl\u00f4ture de la tourn\u00e9e de novembre\u00a0: ils ont mis fin \u00e0 quatre d\u00e9faites de rang (trois face aux All Blacks et une face aux\u00a0<a href=\"http:\/\/www.lefigaro.fr\/sports\/rugby\/xv-de-france\/france-afrique-du-sud-une-melee-secouee-erasmus-fin-tacticien-un-banc-inefficace-les-coups-de-coeur-et-coups-de-griffe-de-nos-envoyes-speciaux-20251109\" data-fig-type=\"NewsFlash\" data-gtm-custom-categorie=\"navigation\" data-gtm-custom-action=\"crossclick\" data-gtm-custom-label=\"Contextuel\" data-gtm-event=\"customEventSPE\" data-fig-domain=\"LEFIGARO\" rel=\"nofollow noopener\" target=\"_blank\">Springboks<\/a>) et renou\u00e9 avec la victoire qui remontait au 15 mars dernier et un succ\u00e8s 35-16 au Stade de France, qui leur avait permis de remporter le Tournoi des six nations. Une maille \u00e0 l\u2019endroit, plusieurs \u00e0 l\u2019envers&#8230; Il y a encore beaucoup de choses \u00e0 r\u00e9gler, notamment cette collection de plaquages manqu\u00e9s (21 en tout\u00a0!).<\/p>\n<p>                                    <a class=\"fig-a11y-skip a11y-hidden\" href=\"#fig-a11y-skip-main-inarticle\"><br \/>\n        Passer la publicit\u00e9<br \/>\n    <\/a><\/p>\n<p>Le match plein d\u2019Oscar Jegou<\/p>\n<p class=\"fig-paragraph\">Sa polyvalence est un atout quand le staff des Bleus couche sur le papier les noms de ses 23 joueurs. Les centres tricolores tombaient les uns apr\u00e8s les autres face aux solides Fidjiens (Pierre-Louis Barassi puis \u00c9milien Gailleton), alors Oscar Jegou &#8211; qui avait d\u00e9but\u00e9 le match en troisi\u00e8me-ligne &#8211; a fini le match, \u00e0 partir de la demi-heure de jeu, au poste de trois-quarts centre. Et le joueur du Stade Rochelais a parfaitement rempli sa mission\u00a0: intraitable en d\u00e9fense et percutant sur plusieurs prises de balle. \u00abIl a gliss\u00e9 au centre, il en a l\u2019habitude, et il a \u00e9t\u00e9 tr\u00e8s bon\u00bb, a salu\u00e9 Fabien Galthi\u00e9. Une activit\u00e9 d\u00e9bordante, notamment en d\u00e9fense o\u00f9 il a assen\u00e9 19 plaquages, dont 10 durant ses 30 premi\u00e8res minutes en flanker. Ce n\u2019est pas l\u2019avant le plus solide mais son profil hybride a permis de tirer une belle \u00e9pine du pied du staff tricolore.<\/p>\n<p class=\"fig-body-link\">\n            \u00c0 lire aussi<br \/>\n        <a class=\"fig-body-link__link fig-premium-mark\" href=\"http:\/\/www.lefigaro.fr\/sports\/rugby\/xv-de-france\/les-notes-des-bleus-apres-les-fidji-retour-gagnant-pour-ollivon-depoortere-brille-sur-ses-terres-20251115\" data-fig-type=\"NewsFlash\" data-gtm-custom-categorie=\"navigation\" data-gtm-custom-action=\"crossclick\" data-gtm-custom-label=\"Contextuel\" data-gtm-event=\"customEventSPE\" data-fig-domain=\"LEFIGARO\" rel=\"nofollow noopener\" target=\"_blank\"><\/p>\n<p>        Les notes des Bleus apr\u00e8s les Fidji\u00a0: retour gagnant pour Ollivon, Depoortere brille sur ses terres<br \/>\n    <\/a>\n<\/p>\n<p>Depoortere et Lamothe, la f\u00eate des Bordelais<\/p>\n<p class=\"fig-paragraph\">Le XV de France retrouvait Bordeaux pour la premi\u00e8re depuis l\u2019automne 2021 et un match contre la G\u00e9orgie. Entretemps, l\u2019UBB a chang\u00e9 de dimension et s\u2019est affirm\u00e9e comme une place forte du rugby fran\u00e7ais. Le club entra\u00een\u00e9 par Yannick Bru est d\u00e9sormais\u00a0<a href=\"https:\/\/www.lefigaro.fr\/sports\/rugby\/top-14\/bordeaux-begles-une-spectaculaire-mutation-qui-profite-au-xv-de-france-20240117\" data-fig-type=\"Article\" data-gtm-custom-categorie=\"navigation\" data-gtm-custom-action=\"crossclick\" data-gtm-custom-label=\"Contextuel\" data-gtm-event=\"customEventSPE\" data-fig-domain=\"LEFIGARO\" rel=\"nofollow noopener\" target=\"_blank\">le deuxi\u00e8me fournisseur d\u2019internationaux<\/a>\u00a0pour Fabien Galthi\u00e9 et ses adjoints. Ce samedi, ils \u00e9taient cinq sur la feuille de match pour le plus grand plaisir du public du Stade Atlantique, qui les a acclam\u00e9s lors de la pr\u00e9sentation des \u00e9quipes. Les ailiers Damian Penaud et Louis Bielle-Biarrey ont v\u00e9cu une soir\u00e9e compliqu\u00e9e, brillant surtout en d\u00e9fense. Le demi de m\u00eal\u00e9e Maxime Lucu a, lui, tenu la baraque. Mais cette soir\u00e9e a \u00e9t\u00e9 une f\u00eate pour le centre Nicolas Depoortere, auteur d\u2019un joli doubl\u00e9. \u00abIl m\u00e9ritait d\u2019\u00eatre titulaire aujourd\u2019hui et il a \u00e9t\u00e9 \u00e0 la hauteur dans un match difficile. Il a du punch, \u00e0 l\u2019image de sa saison avec Bordeaux\u00bb, a appr\u00e9ci\u00e9 Fabien Galthi\u00e9. Autre soir\u00e9e m\u00e9morable, celle du talonneur Maxime Lamothe qui a (enfin) honor\u00e9 sa premi\u00e8re cape internationale. Jour de f\u00eate.<\/p>\n<p class=\"fig-paragraph\"><strong>COUPS DE GRIFFE<\/strong><\/p>\n<p>Un probl\u00e8me chronique d\u2019indiscipline<\/p>\n<p class=\"fig-paragraph\">Les semaines se suivent et se ressemblent pour ce XV de France. Au c\u0153ur des r\u00e9cents probl\u00e8mes rencontr\u00e9s par les Bleus, cette indiscipline qui vient plomber leurs matches, les met en danger et relance leurs adversaires, comme ce fut le cas ce samedi au Stade Atlantique. Le s\u00e9lectionneur tricolore le reconna\u00eet sans ambages\u00a0: \u00abOn a \u00e9t\u00e9 siffl\u00e9 9 fois entre le 21-0 et le 21-21\u00a0! Apr\u00e8s, \u00e7a s\u2019est arr\u00eat\u00e9, on a remis la main sur le ballon. C\u2019\u00e9tait plus simple. C\u2019est un point d\u2019am\u00e9lioration assez \u00e9vident pour nous.\u00bb Au final, le XV de France a \u00e9t\u00e9 p\u00e9nalis\u00e9 \u00e0 11 reprises (autant que les Fidji), mais cela a \u00e9t\u00e9 suffisant pour illustrer ses doutes. Maxime Lucu confirme\u00a0: \u00abLa discipline a \u00e9t\u00e9 un gros point noir aujourd\u2019hui, on n\u2019a fait que d\u00e9fendre notre camp. On s\u2019est mis nous-m\u00eames dans le dur alors qu\u2019on avait fait une tr\u00e8s bonne entame.\u00bb<\/p>\n<p>Ntamack n\u2019a gu\u00e8re pes\u00e9<\/p>\n<p class=\"fig-paragraph\">L\u2019ouvreur du Stade Toulousain vit un automne compliqu\u00e9. D\u00e9j\u00e0 face aux Springboks champions du monde, il n\u2019avait pas \u00e9t\u00e9 \u00e0 son avantage. Et, ce samedi, il a, une nouvelle fois, gu\u00e8re pes\u00e9 dans le d\u00e9roulement des \u00e9v\u00e9nements. Se contentant, la plupart du temps, d\u2019assurer la continuit\u00e9 du jeu. Un leader tr\u00e8s discret et peu inspir\u00e9. Apr\u00e8s une derni\u00e8re saison dans le dur, o\u00f9 il avait \u00e9t\u00e9 oblig\u00e9 d\u2019encha\u00eener les matches malgr\u00e9 un genou douloureux, on pensait qu\u2019il allait retrouver son meilleur niveau et son aura sur le terrain. Ses deux derniers matches prouvent le contraire. Mais il a toujours le soutien de son s\u00e9lectionneur, qui l\u2019a toujours consid\u00e9r\u00e9 comme son ouvreur num\u00e9ro 1\u00a0: \u00abRomain s\u2019est \u00e9norm\u00e9ment employ\u00e9 en d\u00e9fense et dans le jeu sans ballon. C\u2019est vrai que dans cette p\u00e9riode un peu difficile, on l\u2019a plus vu en d\u00e9fense qu\u2019en attaque. Mais quand il a fallu trouver les touches pour nous faire avancer, il a \u00e9t\u00e9 pr\u00e9cis.\u00bb On attend plus de lui quand m\u00eame.<\/p>\n<p>                                    <a class=\"fig-a11y-skip a11y-hidden\" href=\"#fig-a11y-skip-main-inarticle_mtf\"><br \/>\n        Passer la publicit\u00e9<br \/>\n    <\/a><\/p>\n<p>De la casse avant l\u2019Australie<\/p>\n<p class=\"fig-paragraph\">Jouer contre les gaillards fidjiens s\u2019apparente beaucoup \u00e0 faire des auto-tamponneuses. Beaucoup de grosses collisions, des duels bien virils et, cons\u00e9quence, pas mal de bless\u00e9s. Pierre-Louis Barassi et \u00c9milien Gailleton n\u2019ont chacun pass\u00e9 que 15 minutes sur le terrain. Le centre toulousain a \u00e9t\u00e9 pris haut par l\u2019ailier Ravutaumada et il a d\u00fb quitter le terrain pour passer un protocole commotion. Sans revenir. Son rempla\u00e7ant \u00c9milien Gailleton a \u00e9galement subi un gros choc au bout de seulement 15 minutes de jeu. Si Fabien Galthi\u00e9 s\u2019est montr\u00e9 rassurant pour le Palois, il est en revanche plus inquiet pour le joueur du Stade Toulousain\u00a0: \u00abJe pense qu\u2019il ne pourra pas reprendre l\u2019entra\u00eenement la semaine prochaine.\u00bb Le solide Paul Boudehent a, lui, \u00e9t\u00e9 touch\u00e9 au genou. \u00c7a fait beaucoup&#8230; Fabien Galthi\u00e9 avance que \u00abl\u2019\u00e9quipe de France a rempli son contrat dans des conditions tr\u00e8s difficiles\u00bb. Avec beaucoup de casse.<\/p>\n<p>    <a href=\"https:\/\/photo.lefigaro.fr\/sports\/rugby\/xv-de-france\/france-fidji-en-images-20251115\" rel=\"nofollow noopener\" target=\"_blank\"><\/p>\n<p class=\"fig-slideshow__title\">\n                    France-Fidji en images\n                <\/p>\n<p>Acc\u00e9der au diaporama (18)<\/p>\n<p>    <\/a><\/p>\n","protected":false},"excerpt":{"rendered":"Apr\u00e8s la victoire des Bleus face aux Fidjiens, d\u00e9couvrez ce qui a retenu l\u2019attention de notre journaliste pr\u00e9sent&hellip;\n","protected":false},"author":2,"featured_media":537906,"comment_status":"","ping_status":"","sticky":false,"template":"","format":"standard","meta":{"footnotes":""},"categories":[9],"tags":[12116,20024,1011,27,60],"class_list":{"0":"post-537905","1":"post","2":"type-post","3":"status-publish","4":"format-standard","5":"has-post-thumbnail","7":"category-sports","8":"tag-ffr","9":"tag-fidji","10":"tag-fr","11":"tag-france","12":"tag-sports"},"share_on_mastodon":{"url":"","error":""},"_links":{"self":[{"href":"https:\/\/www.europesays.com\/fr\/wp-json\/wp\/v2\/posts\/537905","targetHints":{"allow":["GET"]}}],"collection":[{"href":"https:\/\/www.europesays.com\/fr\/wp-json\/wp\/v2\/posts"}],"about":[{"href":"https:\/\/www.europesays.com\/fr\/wp-json\/wp\/v2\/types\/post"}],"author":[{"embeddable":true,"href":"https:\/\/www.europesays.com\/fr\/wp-json\/wp\/v2\/users\/2"}],"replies":[{"embeddable":true,"href":"https:\/\/www.europesays.com\/fr\/wp-json\/wp\/v2\/comments?post=537905"}],"version-history":[{"count":0,"href":"https:\/\/www.europesays.com\/fr\/wp-json\/wp\/v2\/posts\/537905\/revisions"}],"wp:featuredmedia":[{"embeddable":true,"href":"https:\/\/www.europesays.com\/fr\/wp-json\/wp\/v2\/media\/537906"}],"wp:attachment":[{"href":"https:\/\/www.europesays.com\/fr\/wp-json\/wp\/v2\/media?parent=537905"}],"wp:term":[{"taxonomy":"category","embeddable":true,"href":"https:\/\/www.europesays.com\/fr\/wp-json\/wp\/v2\/categories?post=537905"},{"taxonomy":"post_tag","embeddable":true,"href":"https:\/\/www.europesays.com\/fr\/wp-json\/wp\/v2\/tags?post=537905"}],"curies":[{"name":"wp","href":"https:\/\/api.w.org\/{rel}","templated":true}]}}