{"id":537923,"date":"2025-11-16T10:07:13","date_gmt":"2025-11-16T10:07:13","guid":{"rendered":"https:\/\/www.europesays.com\/fr\/537923\/"},"modified":"2025-11-16T10:07:13","modified_gmt":"2025-11-16T10:07:13","slug":"les-juniors-du-grand-est-font-de-largent-en-suisse","status":"publish","type":"post","link":"https:\/\/www.europesays.com\/fr\/537923\/","title":{"rendered":"les juniors du Grand Est font de l\u2019argent en Suisse"},"content":{"rendered":"<p>   BaselHead Samedi, \u00e0 B\u00e2le (SUI)  Habitu\u00e9s \u00e0 passer la fronti\u00e8re en cette p\u00e9riode de l\u2019ann\u00e9e, les rameurs du P\u00f4le (Espoir) de Nancy et autres \u00e9quipages s\u00e9lectionn\u00e9s par la Ligue Grand Est ont d\u00e9barqu\u00e9 en nombre, samedi \u00e0 B\u00e2le, o\u00f9 se tenait la prestigieuse \u00ab BaselHead \u00bb : 6,4 km \u00e0 disputer en huit et en format \u00ab t\u00eate de rivi\u00e8re \u00bb (au chrono) sur les eaux du Rhin, avec un spectaculaire virage \u00e0 180 degr\u00e9s \u00e0 n\u00e9gocier \u00e0 mi-parcours\u2026 Un exercice qui a particuli\u00e8rement r\u00e9ussi aux juniors (U19) de la grande r\u00e9gion, deuxi\u00e8mes de leur cat\u00e9gorie devant trois bateaux italiens et tch\u00e8ques. <\/p>\n<p>Eux-m\u00eames confront\u00e9s \u00e0 une concurrence tr\u00e8s \u00ab europ\u00e9enne \u00bb, domin\u00e9e par des \u00e9quipages f\u00e9d\u00e9raux hollandais, leurs a\u00een\u00e9s ont plut\u00f4t bien r\u00e9sist\u00e9, notamment chez les f\u00e9minines, huiti\u00e8mes <a href=\"https:\/\/www.estrepublicain.fr\/sport\/2025\/10\/31\/emma-cornelis-aujourd-hui-je-me-dis-que-tout-est-possible\" target=\"_blank\" rel=\"noopener\">autour de leur vice-championne du monde Emma Cornelis<\/a> , quatorzi\u00e8mes chez les hommes.<\/p>\n<blockquote class=\"question\"><p>Les r\u00e9sultats<\/p><\/blockquote>\n<p><strong>DAMES. <\/strong> \u00c9lite : 1. 1. Pays-Bas (\u00e9quipe nationale) 20\u201951\u2019\u201913, 2. \u00d6sterreichischer Ruderverband (AUT) 20\u201956\u2019\u201938&#8230; 8. Ligue Grand Est (Chagnot, Cornelis, Chipot, Pichat, Gosselin, Poussardin, Merdens, Mazzolini ; FRA) 22\u201937\u2019\u201987&#8230;<\/p>\n<p>U19 : 1. Cesky Veslarsky Klub (CZE) 21\u201946\u2019\u201924&#8230; 6. Ligue Grand Est (FRA) 23\u201954\u2019\u201997, 7. Ligue Grand Est 2 (FRA) 23\u201956\u2019\u201906&#8230;<\/p>\n<p><strong>MESSIEURS.<\/strong> \u00c9lite : 1. Pays-Bas (\u00e9quipe nationale) 18\u201914\u2019\u201923, 2. Ruderleistungszentrum Dortmund (GER) 18\u201918\u2019\u201932, 3. Ruderleistungszentrum Dortmund 2 (GER) 18\u201920\u2019\u201938, 4. Dukla Prague (CZE) 18\u201932\u2019\u201928&#8230; 14. Ligue Grand Est (Bobillier, Bel-Mouchard, Warin, Minniti, Molins, Georges, Berthou, Mockels ; FRA)) 19\u201939\u2019\u201924&#8230;<\/p>\n<p>U19 : 1. Basler Ruder-Club (SUI) 19\u201940\u2019\u201926, 2. Ligue Grand Est (Stambach, Thomas, Faivre-Pillien, Ligier, Neppel, Hattenville, Gerner, Ceresoli ; FRA) 20\u201914\u2019\u201903&#8230; 10. Ligue Grand Est 2 (FRA) 21\u201914\u2019\u201924&#8230;<\/p>\n","protected":false},"excerpt":{"rendered":"BaselHead Samedi, \u00e0 B\u00e2le (SUI) Habitu\u00e9s \u00e0 passer la fronti\u00e8re en cette p\u00e9riode de l\u2019ann\u00e9e, les rameurs du&hellip;\n","protected":false},"author":2,"featured_media":537924,"comment_status":"","ping_status":"","sticky":false,"template":"","format":"standard","meta":{"footnotes":""},"categories":[9635],"tags":[1111,11,3810,1704,1777,674,107,1701,1011,27,775,1702,1703,12,10422,25,517,1700,15103,14984,45955,27449],"class_list":{"0":"post-537923","1":"post","2":"type-post","3":"status-publish","4":"format-standard","5":"has-post-thumbnail","7":"category-nancy","8":"tag-actu","9":"tag-actualites","10":"tag-aviron","11":"tag-edition-nancy-et-agglomeration","12":"tag-eu","13":"tag-europe","14":"tag-fil-info","15":"tag-fil-info-sport","16":"tag-fr","17":"tag-france","18":"tag-grand-est","19":"tag-nancy","20":"tag-nancy-ville-54b","21":"tag-news","22":"tag-pont-a-mousson","23":"tag-republique-francaise","24":"tag-sport","25":"tag-sport-lorrain","26":"tag-sports-nautiques","27":"tag-toul","28":"tag-toul-nord","29":"tag-toul-ville-54d"},"share_on_mastodon":{"url":"https:\/\/pubeurope.com\/@fr\/115558825537010456","error":""},"_links":{"self":[{"href":"https:\/\/www.europesays.com\/fr\/wp-json\/wp\/v2\/posts\/537923","targetHints":{"allow":["GET"]}}],"collection":[{"href":"https:\/\/www.europesays.com\/fr\/wp-json\/wp\/v2\/posts"}],"about":[{"href":"https:\/\/www.europesays.com\/fr\/wp-json\/wp\/v2\/types\/post"}],"author":[{"embeddable":true,"href":"https:\/\/www.europesays.com\/fr\/wp-json\/wp\/v2\/users\/2"}],"replies":[{"embeddable":true,"href":"https:\/\/www.europesays.com\/fr\/wp-json\/wp\/v2\/comments?post=537923"}],"version-history":[{"count":0,"href":"https:\/\/www.europesays.com\/fr\/wp-json\/wp\/v2\/posts\/537923\/revisions"}],"wp:featuredmedia":[{"embeddable":true,"href":"https:\/\/www.europesays.com\/fr\/wp-json\/wp\/v2\/media\/537924"}],"wp:attachment":[{"href":"https:\/\/www.europesays.com\/fr\/wp-json\/wp\/v2\/media?parent=537923"}],"wp:term":[{"taxonomy":"category","embeddable":true,"href":"https:\/\/www.europesays.com\/fr\/wp-json\/wp\/v2\/categories?post=537923"},{"taxonomy":"post_tag","embeddable":true,"href":"https:\/\/www.europesays.com\/fr\/wp-json\/wp\/v2\/tags?post=537923"}],"curies":[{"name":"wp","href":"https:\/\/api.w.org\/{rel}","templated":true}]}}