{"id":537929,"date":"2025-11-16T10:11:16","date_gmt":"2025-11-16T10:11:16","guid":{"rendered":"https:\/\/www.europesays.com\/fr\/537929\/"},"modified":"2025-11-16T10:11:16","modified_gmt":"2025-11-16T10:11:16","slug":"a-montpellier-travaux-lances-pour-le-futur-technocentre-de-cykero","status":"publish","type":"post","link":"https:\/\/www.europesays.com\/fr\/537929\/","title":{"rendered":"A Montpellier, travaux lanc\u00e9s pour le futur technocentre de Cykero"},"content":{"rendered":"<p>                    Par<br \/>\n        <strong><br \/>\n            <a href=\"https:\/\/actu.fr\/auteur\/g-martin\" title=\"Consulter tous les articles de Gil Martin\" target=\"_blank\" rel=\"noopener\">Gil Martin<\/a><br \/>\n                    <\/strong><\/p>\n<p>        Publi\u00e9 le<\/p>\n<p>            16 nov. 2025 \u00e0 9h10        <\/p>\n<p>Ce jeudi 13 novembre, la <strong>soci\u00e9t\u00e9 allemande Cykero<\/strong>, acteur de l\u2019\u00e9conomie circulaire sp\u00e9cialis\u00e9 dans le reconditionnement premium d\u2019appareils \u00e9lectroniques (smartphone, tablettes, PC, montres connct\u00e9es\u2026) a pos\u00e9 la premi\u00e8re pierre de son futur<strong> technocentre de 3500 m2<\/strong> au c\u0153ur du <strong>quartier Eur\u00eaka<\/strong>, pr\u00e8s du Mill\u00e9naire, qui emploiera \u00e0 terme <strong>plus de 160 salari\u00e9s<\/strong> sur divers profils : ing\u00e9nieurs, techniciens, d\u00e9veloppeurs et op\u00e9rateurs sp\u00e9cialis\u00e9s\u2026 dont 30 recrutements pr\u00e9vus en 2026.<\/p>\n<p>De 40 000 \u00e0 200 000 produits<\/p>\n<p class=\" wall-content\">Depuis sa cr\u00e9ation en 2020 par <strong>Bichoi Metias et Romain Palanques<\/strong>, Cykero, <a href=\"https:\/\/actu.fr\/occitanie\/montpellier_34172\/montpellier-cykero-amene-le-reconditionne-premium-sur-la-comedie_63414185.html\" target=\"_blank\" rel=\"noopener\">qui a ouvert une boutique \u00e9ph\u00e9m\u00e8re sur la Com\u00e9die<\/a>, conna\u00eet une croissance exponentielle marqu\u00e9e par une \u00e9volution constante de son chiffre d\u2019affaires\u00a0: 12,5 M\u20ac en 2023, et 27 M\u20ac en 2024\u2026 Cykero reconditionne en moyenne <strong>40 000 produits par mois<\/strong> et compte s\u2019imposer comme un<strong> leader europ\u00e9en du secteur<\/strong> gr\u00e2ce notamment au d\u00e9veloppement de son technocentre fran\u00e7ais. Le futur site est appel\u00e9 \u00e0 monter en puissance et devrait, fin 2027, pouvoir traiter jusqu\u2019\u00e0\u00a0200 000 appareils par mois.<\/p>\n<blockquote class=\"ac-article-quote wall-content\">\n<p>\u00ab\u00a0La future unit\u00e9 devrait faire la part belle \u00e0 l\u2019automatisation et \u00e0 l\u2019intelligence artificielle\u00a0afin de garantir aux clients une qualit\u00e9 proche du neuf\u00a0\u00bb<\/p>\n<p>    <strong>Bichoi Metias, cofondateur de Cykero<\/strong>\n            <\/p><\/blockquote>\n<p class=\" wall-content\">\u00ab La venue de Cykero sur notre territoire n\u2019est pas le fruit du hasard \u00bb, argumente Micha\u00ebl Delafosse. Le maire de Montpellier rappelle que la <strong>ville \u00e9tait en comp\u00e9tition avec Paris et Toulouse<\/strong> pour accueillir le sp\u00e9cialiste du reconditionnement, finalement convaincu par la qualit\u00e9 des locaux propos\u00e9s sur le parc Eur\u00eaka et la desserte du site par les transports en commun : \u00ab\u00a0Le futur Technocentre 5.0 de Cykero symbolise<strong> une nouvelle g\u00e9n\u00e9ration de sites industriels<\/strong>, conjuguant intelligence artificielle, robotique l\u00e9g\u00e8re, automatisation intelligente, et \u00e9coconception avanc\u00e9e \u00bb.<\/p>\n<p>    <img   decoding=\"async\" loading=\"lazy\" src=\"https:\/\/www.europesays.com\/fr\/wp-content\/uploads\/2025\/11\/photo-cykero-travaux-2-960x640.jpg\" alt=\"Le technocentre de Cykero s'\u00e9tendra sur 3800 m2 dans le quartier Eur\u00eaka\" width=\"960\" height=\"640\"\/><br \/>\n    Le technocentre de Cykero s\u2019\u00e9tendra sur 3800 m2 dans le quartier Eur\u00eaka (\u00a93M- Olivier Ruiz)Vid\u00e9os : en ce moment sur Actu<br \/>\n    <a href=\"https:\/\/www.google.com\/maps\/embed?pb=!1m18!1m12!1m3!1d2888.444743189339!2d3.9164988754741694!3d43.61810155470136!2m3!1f0!2f0!3f0!3m2!1i1024!2i768!4f13.1!3m3!1m2!1s0x12b6a59a873fddd5%3A0x9d2a9440dfaec8e2!2sParc%20Eur%C3%AAka%2C%20401%20Rue%20du%20Walhalla%2C%2034060%20Montpellier!5e0!3m2!1sfr!2sfr!4v1763075307558!5m2!1sfr!2sfr\" title=\"Ouvrie le lien\" target=\"_blank\" rel=\"noopener\">Cliquez ici pour visualiser le contenu<\/a><\/p>\n<p>Mise en service vers fin 2026<\/p>\n<p class=\" wall-content\">\u00ab\u00a0Le Technocentre permettra notamment de traiter des volumes importants afin de r\u00e9pondre aux besoins massifs de nos grands compte\u00a0et de renforcer la comp\u00e9titivit\u00e9 de l\u2019entreprise sur un march\u00e9 en pleine expansion \u00bb, explique Bichoi Metias qui attend la mise en service de l\u2019unit\u00e9 de production pour fin 2026. La future unit\u00e9 devrait faire la part belle \u00e0 l\u2019automatisation et \u00e0 l\u2019intelligence artificielle\u00a0\u00ab\u00a0afin de garantir aux clients une qualit\u00e9 proche du neuf\u00a0\u00bb, assure le dirigeant.<\/p>\n<p>Votre r\u00e9gion, votre actu !<\/p>\n<p>Recevez chaque jour les infos qui comptent pour vous.<\/p>\n<p>\t<a href=\"https:\/\/actu.fr\/newsletter\" class=\"ac-btn ac-btn--corner ac-btn--medium ac-btn--blue800\" target=\"_blank\" rel=\"noopener\">S&rsquo;incrire<\/a><br \/>\nObjectif 100 M\u20ac de CA en 2028<\/p>\n<p class=\" wall-content\">Pour Cykero les objectifs sont fix\u00e9s\u00a0: le groupe, qui s\u2019est lanc\u00e9 \u00e0 la conqu\u00eate du grand public et pr\u00e9pare le lancement de sa marque d\u2019accessoires Tech Cykero Collection, fabriqu\u00e9e avec des cuirs provenant des plus prestigieuses maisons de luxe fran\u00e7aises, vise 100 M\u20ac\u00a0de chiffre d\u2019affaire \u00e0 l\u2019horizon 2028.<\/p>\n<p class=\" wall-content\">Personnalisez votre actualit\u00e9 en ajoutant vos villes et m\u00e9dias en favori avec <a href=\"https:\/\/moncompte.actu.fr\" title=\"D\u00e9couvez Mon Actu\" rel=\"nofollow noopener\" data-trk=\"{&quot;cta&quot;:{&quot;action&quot;:&quot;https:\\\/\\\/moncompte.actu.fr&quot;,&quot;category&quot;:&quot;mon compte&quot;,&quot;from&quot;:&quot;article footer&quot;,&quot;name&quot;:&quot;Mon actu&quot;,&quot;type&quot;:&quot;cta&quot;}}\" target=\"_blank\">Mon Actu<\/a>.<\/p>\n","protected":false},"excerpt":{"rendered":"Par Gil Martin Publi\u00e9 le 16 nov. 2025 \u00e0 9h10 Ce jeudi 13 novembre, la soci\u00e9t\u00e9 allemande Cykero,&hellip;\n","protected":false},"author":2,"featured_media":537930,"comment_status":"","ping_status":"","sticky":false,"template":"","format":"standard","meta":{"footnotes":""},"categories":[9599],"tags":[1111,11,1777,674,1011,27,2208,12,2680,25,2631],"class_list":{"0":"post-537929","1":"post","2":"type-post","3":"status-publish","4":"format-standard","5":"has-post-thumbnail","7":"category-montpellier","8":"tag-actu","9":"tag-actualites","10":"tag-eu","11":"tag-europe","12":"tag-fr","13":"tag-france","14":"tag-montpellier","15":"tag-news","16":"tag-occitanie","17":"tag-republique-francaise","18":"tag-sciences-technologie"},"share_on_mastodon":{"url":"https:\/\/pubeurope.com\/@fr\/115558842115832770","error":""},"_links":{"self":[{"href":"https:\/\/www.europesays.com\/fr\/wp-json\/wp\/v2\/posts\/537929","targetHints":{"allow":["GET"]}}],"collection":[{"href":"https:\/\/www.europesays.com\/fr\/wp-json\/wp\/v2\/posts"}],"about":[{"href":"https:\/\/www.europesays.com\/fr\/wp-json\/wp\/v2\/types\/post"}],"author":[{"embeddable":true,"href":"https:\/\/www.europesays.com\/fr\/wp-json\/wp\/v2\/users\/2"}],"replies":[{"embeddable":true,"href":"https:\/\/www.europesays.com\/fr\/wp-json\/wp\/v2\/comments?post=537929"}],"version-history":[{"count":0,"href":"https:\/\/www.europesays.com\/fr\/wp-json\/wp\/v2\/posts\/537929\/revisions"}],"wp:featuredmedia":[{"embeddable":true,"href":"https:\/\/www.europesays.com\/fr\/wp-json\/wp\/v2\/media\/537930"}],"wp:attachment":[{"href":"https:\/\/www.europesays.com\/fr\/wp-json\/wp\/v2\/media?parent=537929"}],"wp:term":[{"taxonomy":"category","embeddable":true,"href":"https:\/\/www.europesays.com\/fr\/wp-json\/wp\/v2\/categories?post=537929"},{"taxonomy":"post_tag","embeddable":true,"href":"https:\/\/www.europesays.com\/fr\/wp-json\/wp\/v2\/tags?post=537929"}],"curies":[{"name":"wp","href":"https:\/\/api.w.org\/{rel}","templated":true}]}}