{"id":537931,"date":"2025-11-16T10:12:15","date_gmt":"2025-11-16T10:12:15","guid":{"rendered":"https:\/\/www.europesays.com\/fr\/537931\/"},"modified":"2025-11-16T10:12:15","modified_gmt":"2025-11-16T10:12:15","slug":"bonne-table-a-rouen-le-manoir-une-cuisine-traditionnelle-et-raffinee","status":"publish","type":"post","link":"https:\/\/www.europesays.com\/fr\/537931\/","title":{"rendered":"Bonne table \u00e0 Rouen. Le Manoir, une\u00a0cuisine traditionnelle et raffin\u00e9e"},"content":{"rendered":"<p melodystyle=\"texte\">A l&rsquo;int\u00e9rieur du Manoir d&rsquo;Isneauville, une d\u00e9coration chic avec des mat\u00e9riaux nobles. Les couleurs utilis\u00e9es, marron et vert, rendent le lieu tr\u00e8s harmonieux. Durant les beaux jours, il est \u00e9galement possible de profiter de la terrasse, qui peut accueillir une centaine de couverts.<\/p>\n<p>Une formule \u00e0 21\u20ac le midi<\/p>\n<p melodystyle=\"texte\">Je suis venue expr\u00e8s pour cette formule du midi \u00e0 21\u20ac, disponible depuis fin octobre. Elle comprend soit une entr\u00e9e et un plat, soit un plat et un dessert et pour les plus gourmands les trois sont \u00e0 26\u20ac. Je me laisse tenter par l&rsquo;avocado toast accompagn\u00e9 de ses frites. Un plat qui se pr\u00e9sente comme frais et l\u00e9ger pour avoir encore un peu de place pour le dessert.\u00a0Il se compose d&rsquo;une grande tranche de pain garnie de fromage frais, de guacamole et d&rsquo;un demi-avocat avec du citron et des graines de s\u00e9same.<\/p>\n<p class=\"article_photo\" data-num=\"2\"><img decoding=\"async\" alt=\"L'avocado toast et ses frites.\" src=\"https:\/\/www.europesays.com\/fr\/wp-content\/uploads\/2025\/11\/3227-tab.jpg\"\/>L&rsquo;avocado toast et ses frites.<\/p>\n<p melodystyle=\"texte\">L&rsquo;assiette est finalement plus copieuse que pr\u00e9vu, car je n&rsquo;ai plus faim lorsque le caf\u00e9 gourmand arrive. Pour ce dessert, il faut rajouter 1\u20ac de plus \u00e0 la formule. Dans l&rsquo;assiette, plusieurs petites gourmandises\u00a0: un financier, un moelleux au chocolat, une verrine avec une mousse parsem\u00e9e d&rsquo;ananas et une boule de glace au citron pour faire passer le tout. Une agr\u00e9able fin de repas, bien que modeste.<\/p>\n<p class=\"article_photo\" data-num=\"3\"><img decoding=\"async\" alt=\"Le caf\u00e9 gourmand pour lequel il faut rajouter 1\u20ac de plus \u00e0 la formule.\" src=\"https:\/\/www.europesays.com\/fr\/wp-content\/uploads\/2025\/11\/636-tab.jpg\"\/>Le caf\u00e9 gourmand pour lequel il faut rajouter 1\u20ac de plus \u00e0 la formule. &#8211; Margaux Fresnais<\/p>\n<p melodystyle=\"texte\">Le Manoir est d\u00e9crit comme \u00ab\u00a0une bonne brasserie avec des produits simples, principalement r\u00e9gionaux, de saison et de qualit\u00e9\u00a0\u00bb\u00a0par Camille Renault, directrice des op\u00e9rations pour le groupe Fr\u00e9nois, qui poss\u00e8de Le Manoir mais aussi Mamma Mia et <a href=\"https:\/\/www.tendanceouest.com\/actualite-432205-bonne-table-a-rouen-des-plats-reconfortants-chez-mimosa\" target=\"_blank\" rel=\"nofollow noopener\">Mimosa \u00e0 Bois-Guillaume<\/a>. La carte change tous les trois mois \u00ab\u00a0pour avoir des produits de saison et qui plaisent \u00e0 tout le monde\u00a0\u00bb, ajoute-t-elle. On peut y retrouver un supr\u00eame de poulet, une entrec\u00f4te ou encore des coquilles Saint-Jacques. Pour les v\u00e9g\u00e9tariens, il est possible de d\u00e9guster des linguine \u00e0 la cr\u00e8me de parmesan.\u00a0Des soir\u00e9es festives sont propos\u00e9es au Manoir certains vendredis soir avec un DJ, des musiciens et des chanteurs. Une adresse avec un cadre tr\u00e8s agr\u00e9able.<\/p>\n<p style=\"font-weight:bold;color:#000;\">Pratique. 100 all\u00e9e du Manoir, Isneauville. Ouvert 7j\/7. Tel.\u00a002 32 80 47 64.<\/p>\n","protected":false},"excerpt":{"rendered":"A l&rsquo;int\u00e9rieur du Manoir d&rsquo;Isneauville, une d\u00e9coration chic avec des mat\u00e9riaux nobles. Les couleurs utilis\u00e9es, marron et vert,&hellip;\n","protected":false},"author":2,"featured_media":537932,"comment_status":"","ping_status":"","sticky":false,"template":"","format":"standard","meta":{"footnotes":""},"categories":[9587],"tags":[1111,11,1777,674,1011,27,12,5161,25,9590],"class_list":{"0":"post-537931","1":"post","2":"type-post","3":"status-publish","4":"format-standard","5":"has-post-thumbnail","7":"category-rouen","8":"tag-actu","9":"tag-actualites","10":"tag-eu","11":"tag-europe","12":"tag-fr","13":"tag-france","14":"tag-news","15":"tag-normandie","16":"tag-republique-francaise","17":"tag-rouen"},"share_on_mastodon":{"url":"https:\/\/pubeurope.com\/@fr\/115558845718048945","error":""},"_links":{"self":[{"href":"https:\/\/www.europesays.com\/fr\/wp-json\/wp\/v2\/posts\/537931","targetHints":{"allow":["GET"]}}],"collection":[{"href":"https:\/\/www.europesays.com\/fr\/wp-json\/wp\/v2\/posts"}],"about":[{"href":"https:\/\/www.europesays.com\/fr\/wp-json\/wp\/v2\/types\/post"}],"author":[{"embeddable":true,"href":"https:\/\/www.europesays.com\/fr\/wp-json\/wp\/v2\/users\/2"}],"replies":[{"embeddable":true,"href":"https:\/\/www.europesays.com\/fr\/wp-json\/wp\/v2\/comments?post=537931"}],"version-history":[{"count":0,"href":"https:\/\/www.europesays.com\/fr\/wp-json\/wp\/v2\/posts\/537931\/revisions"}],"wp:featuredmedia":[{"embeddable":true,"href":"https:\/\/www.europesays.com\/fr\/wp-json\/wp\/v2\/media\/537932"}],"wp:attachment":[{"href":"https:\/\/www.europesays.com\/fr\/wp-json\/wp\/v2\/media?parent=537931"}],"wp:term":[{"taxonomy":"category","embeddable":true,"href":"https:\/\/www.europesays.com\/fr\/wp-json\/wp\/v2\/categories?post=537931"},{"taxonomy":"post_tag","embeddable":true,"href":"https:\/\/www.europesays.com\/fr\/wp-json\/wp\/v2\/tags?post=537931"}],"curies":[{"name":"wp","href":"https:\/\/api.w.org\/{rel}","templated":true}]}}