{"id":537935,"date":"2025-11-16T10:16:15","date_gmt":"2025-11-16T10:16:15","guid":{"rendered":"https:\/\/www.europesays.com\/fr\/537935\/"},"modified":"2025-11-16T10:16:15","modified_gmt":"2025-11-16T10:16:15","slug":"un-adolescent-de-12-ans-blesse-par-balles-sur-un-point-de-deal-son-pronostic-vital-engage","status":"publish","type":"post","link":"https:\/\/www.europesays.com\/fr\/537935\/","title":{"rendered":"un adolescent de 12 ans bless\u00e9 par balles sur un point de deal, son pronostic vital engag\u00e9"},"content":{"rendered":"<p>Dans la nuit du samedi\u00a015 au dimanche 16\u00a0novembre 2025, un adolescent de 12\u00a0ans a \u00e9t\u00e9 gri\u00e8vement bless\u00e9 de plusieurs balles sur un point de deal de drogue \u00e0 Grenoble, confirme l\u2019AFP de source polici\u00e8re, apr\u00e8s une information du <a target=\"_blank\" href=\"https:\/\/www.ledauphine.com\/faits-divers-justice\/2025\/11\/16\/un-garcon-de-14-ans-grievement-blesse-lors-d-une-fusillade-cette-nuit-dans-le-quartier-chorier-berriat\" rel=\"nofollow noopener\">Dauphin\u00e9 Lib\u00e9r\u00e9<\/a>.\u00a0Atteint au dos et aux membres inf\u00e9rieurs, il \u00e9tait en arr\u00eat cardio-respiratoire quand les secours l\u2019ont transport\u00e9 \u00e0 au CHU et son pronostic vital est engag\u00e9.<\/p>\n<p>Selon Le Dauphin\u00e9 lib\u00e9r\u00e9, plusieurs coups de feu ont retenti aux alentours de 3\u00a0h du matin. Le jeune aurait \u00e9t\u00e9 bless\u00e9 aux jambes et au bassin. <a target=\"_blank\" href=\"https:\/\/www.bfmtv.com\/police-justice\/un-adolescent-entre-la-vie-et-la-mort-apres-avoir-ete-blesse-par-balles-sur-un-point-de-deal-a-grenoble_AN-202511160153.html\" rel=\"nofollow noopener\">BFMTV<\/a> de son c\u00f4t\u00e9 indique que l\u2019enfant pr\u00e9sentait plusieurs plaies par balles au dos.<\/p>\n<p>La Bac (brigade anti-criminalit\u00e9) est intervenue sur les lieux. Les policiers auraient retrouv\u00e9 sur place \u00ab\u00a0une dizaine d\u2019\u00e9tuis de projectiles de calibre 9\u00a0mm\u00a0\u00bb, ajoutent nos confr\u00e8res. Une enqu\u00eate a \u00e9t\u00e9 ouverte. Les tireurs, eux, sont en fuite.<\/p>\n<p>Plus d\u2019informations \u00e0 venir\u2026<\/p>\n<p><strong>Avec AFP<\/strong><\/p>\n","protected":false},"excerpt":{"rendered":"Dans la nuit du samedi\u00a015 au dimanche 16\u00a0novembre 2025, un adolescent de 12\u00a0ans a \u00e9t\u00e9 gri\u00e8vement bless\u00e9 de&hellip;\n","protected":false},"author":2,"featured_media":537936,"comment_status":"","ping_status":"","sticky":false,"template":"","format":"standard","meta":{"footnotes":""},"categories":[9566],"tags":[328,1111,11,2430,1052,1777,674,274,1011,27,329,2731,12,1072,25],"class_list":{"0":"post-537935","1":"post","2":"type-post","3":"status-publish","4":"format-standard","5":"has-post-thumbnail","7":"category-grenoble","8":"tag-a-la-une","9":"tag-actu","10":"tag-actualites","11":"tag-auvergne-rhone-alpes","12":"tag-drogue","13":"tag-eu","14":"tag-europe","15":"tag-faits-divers-justice","16":"tag-fr","17":"tag-france","18":"tag-france-monde","19":"tag-grenoble","20":"tag-news","21":"tag-police","22":"tag-republique-francaise"},"share_on_mastodon":{"url":"https:\/\/pubeurope.com\/@fr\/115558861049974894","error":""},"_links":{"self":[{"href":"https:\/\/www.europesays.com\/fr\/wp-json\/wp\/v2\/posts\/537935","targetHints":{"allow":["GET"]}}],"collection":[{"href":"https:\/\/www.europesays.com\/fr\/wp-json\/wp\/v2\/posts"}],"about":[{"href":"https:\/\/www.europesays.com\/fr\/wp-json\/wp\/v2\/types\/post"}],"author":[{"embeddable":true,"href":"https:\/\/www.europesays.com\/fr\/wp-json\/wp\/v2\/users\/2"}],"replies":[{"embeddable":true,"href":"https:\/\/www.europesays.com\/fr\/wp-json\/wp\/v2\/comments?post=537935"}],"version-history":[{"count":0,"href":"https:\/\/www.europesays.com\/fr\/wp-json\/wp\/v2\/posts\/537935\/revisions"}],"wp:featuredmedia":[{"embeddable":true,"href":"https:\/\/www.europesays.com\/fr\/wp-json\/wp\/v2\/media\/537936"}],"wp:attachment":[{"href":"https:\/\/www.europesays.com\/fr\/wp-json\/wp\/v2\/media?parent=537935"}],"wp:term":[{"taxonomy":"category","embeddable":true,"href":"https:\/\/www.europesays.com\/fr\/wp-json\/wp\/v2\/categories?post=537935"},{"taxonomy":"post_tag","embeddable":true,"href":"https:\/\/www.europesays.com\/fr\/wp-json\/wp\/v2\/tags?post=537935"}],"curies":[{"name":"wp","href":"https:\/\/api.w.org\/{rel}","templated":true}]}}