{"id":537937,"date":"2025-11-16T10:17:24","date_gmt":"2025-11-16T10:17:24","guid":{"rendered":"https:\/\/www.europesays.com\/fr\/537937\/"},"modified":"2025-11-16T10:17:24","modified_gmt":"2025-11-16T10:17:24","slug":"25-millions-deuros-en-moins-pour-la-mission-locale-bretagne-200-personnes-mobilisees-a","status":"publish","type":"post","link":"https:\/\/www.europesays.com\/fr\/537937\/","title":{"rendered":"2,5\u00a0millions d\u2019euros en moins pour la Mission locale Bretagne\u00a0: 200\u00a0personnes mobilis\u00e9es \u00e0"},"content":{"rendered":"<p>Ce vendredi 14\u00a0novembre 2025, \u00e9lus, salari\u00e9s des Missions locales et plusieurs jeunes se sont r\u00e9unis pour exprimer leur soutien \u00e0 ce service public de proximit\u00e9 \u00e0 Rennes (Ille-et-Vilaine).<strong> \u00ab\u00a0Dans le projet de loi de finance 2026, l\u2019\u00c9tat pr\u00e9voit une baisse de 13\u00a0% sur sa dotation annuelle au niveau local, <\/strong>explique\u00a0Emmanuelle Castelain, directrice de l\u2019association r\u00e9gionale des Missions locales de Bretagne.<strong> Au niveau r\u00e9gional, <\/strong> <strong>on risque de passer d\u2019une dotation de 19 \u00e0 16\u00a0millions d\u2019euros\u00a0!\u00a0\u00bb<\/strong><\/p>\n<p>Sachant que cette dotation de l\u2019\u00c9tat <strong>\u00ab\u00a0repr\u00e9sente entre 50 et 60\u00a0% du budget total annuel\u00a0\u00bb<\/strong> des Missions locales, une telle baisse de cette derni\u00e8re impacterait s\u00e9rieusement le fonctionnement du service public.<\/p>\n<p>\u00ab\u00a056\u00a0postes menac\u00e9s\u00a0\u00bb<\/p>\n<p>En t\u00eate de ces cons\u00e9quences, Emmanuelle Castelain pointe <strong>\u00ab\u00a0la potentielle suppression de 56\u00a0postes sur la r\u00e9gion\u00a0\u00bb<\/strong> impliquant directement <strong>\u00ab\u00a0un d\u00e9lai d\u2019accueil allong\u00e9, plus de jeunes accompagn\u00e9s par conseiller, de potentielles fermetures de sites notamment en zone rurale\u00a0\u00bb<\/strong>, liste la responsable r\u00e9gionale.<\/p>\n<p>Au total, les Missions locales repr\u00e9sentent 430\u00a0structures dans toute la France dont 17 en Bretagne. D\u2019autres rassemblements ont d\u2019ailleurs eu lieu \u00e0 Brest, <a href=\"https:\/\/quimper.maville.com\/actu\/actudet_-en-bretagne-l-accompagnement-de-45-000-jeunes-menace-par-la-baisse-du-budget-des-missions-locales-_5-7064027_actu.Htm\" target=\"_blank\" rel=\"noopener\">Quimper<\/a>, Lorient, Morlaix, <a href=\"https:\/\/dinan.maville.com\/actu\/actudet_-a-dinan-la-mission-locale-craint-pour-l-avenir-des-jeunes-face-a-une-baisse-des-finances-au-niveau-national-_52686-7060878_actu.Htm\" target=\"_blank\" rel=\"noopener\">Dinan<\/a> et <a href=\"https:\/\/quimper.maville.com\/actu\/actudet_--480-000-e-en-moins-pour-la-mission-locale-de-cornouaille-l-antenne-de-douarnenez-alerte-sur-les-coupes-budgetaires-_6-7063911_actu.Htm\" target=\"_blank\" rel=\"noopener\">Douarnenez<\/a>. Cette mobilisation, entam\u00e9e ce vendredi 14\u00a0novembre, se poursuivra le mardi 18\u00a0novembre puisque toutes les Missions Locales de France se sont donn\u00e9 rendez-vous devant l\u2019Assembl\u00e9e Nationale pour se faire entendre.<\/p>\n<p>\u00a0<\/p>\n","protected":false},"excerpt":{"rendered":"Ce vendredi 14\u00a0novembre 2025, \u00e9lus, salari\u00e9s des Missions locales et plusieurs jeunes se sont r\u00e9unis pour exprimer leur&hellip;\n","protected":false},"author":2,"featured_media":537938,"comment_status":"","ping_status":"","sticky":false,"template":"","format":"standard","meta":{"footnotes":""},"categories":[2821],"tags":[5742,10546,9638,1111,11,829,1777,674,4658,1011,27,34681,4657,1996,30415,12,3744,3532,584,25,3737],"class_list":{"0":"post-537937","1":"post","2":"type-post","3":"status-publish","4":"format-standard","5":"has-post-thumbnail","7":"category-rennes","8":"tag-5742","9":"tag-10546","10":"tag-9638","11":"tag-actu","12":"tag-actualites","13":"tag-bretagne","14":"tag-eu","15":"tag-europe","16":"tag-euros","17":"tag-fr","18":"tag-france","19":"tag-locale","20":"tag-millions","21":"tag-mission","22":"tag-mobilisees","23":"tag-news","24":"tag-personnes","25":"tag-public","26":"tag-rennes","27":"tag-republique-francaise","28":"tag-service"},"share_on_mastodon":{"url":"https:\/\/pubeurope.com\/@fr\/115558865841083280","error":""},"_links":{"self":[{"href":"https:\/\/www.europesays.com\/fr\/wp-json\/wp\/v2\/posts\/537937","targetHints":{"allow":["GET"]}}],"collection":[{"href":"https:\/\/www.europesays.com\/fr\/wp-json\/wp\/v2\/posts"}],"about":[{"href":"https:\/\/www.europesays.com\/fr\/wp-json\/wp\/v2\/types\/post"}],"author":[{"embeddable":true,"href":"https:\/\/www.europesays.com\/fr\/wp-json\/wp\/v2\/users\/2"}],"replies":[{"embeddable":true,"href":"https:\/\/www.europesays.com\/fr\/wp-json\/wp\/v2\/comments?post=537937"}],"version-history":[{"count":0,"href":"https:\/\/www.europesays.com\/fr\/wp-json\/wp\/v2\/posts\/537937\/revisions"}],"wp:featuredmedia":[{"embeddable":true,"href":"https:\/\/www.europesays.com\/fr\/wp-json\/wp\/v2\/media\/537938"}],"wp:attachment":[{"href":"https:\/\/www.europesays.com\/fr\/wp-json\/wp\/v2\/media?parent=537937"}],"wp:term":[{"taxonomy":"category","embeddable":true,"href":"https:\/\/www.europesays.com\/fr\/wp-json\/wp\/v2\/categories?post=537937"},{"taxonomy":"post_tag","embeddable":true,"href":"https:\/\/www.europesays.com\/fr\/wp-json\/wp\/v2\/tags?post=537937"}],"curies":[{"name":"wp","href":"https:\/\/api.w.org\/{rel}","templated":true}]}}