{"id":537941,"date":"2025-11-16T10:20:11","date_gmt":"2025-11-16T10:20:11","guid":{"rendered":"https:\/\/www.europesays.com\/fr\/537941\/"},"modified":"2025-11-16T10:20:11","modified_gmt":"2025-11-16T10:20:11","slug":"richardmenil-sortie-culturelle-a-strasbourg-pour-les-ados-du-conseil-municipal-des-jeunes","status":"publish","type":"post","link":"https:\/\/www.europesays.com\/fr\/537941\/","title":{"rendered":"Richardm\u00e9nil. Sortie culturelle \u00e0 Strasbourg pour les ados du Conseil Municipal des Jeunes"},"content":{"rendered":"<p>Le Conseil Municipal des Jeunes a organis\u00e9 une sortie au Parlement Europ\u00e9en de Strasbourg, en invitant \u00e9galement les jeunes du club ados et des \u00e9l\u00e8ves de CM2. Au programme\u00a0: visite guid\u00e9e de l\u2019h\u00e9micycle, visite de la cath\u00e9drale et son horloge remarquable, puis une promenade dans le quartier pittoresque de la Petite France, l\u2019un des joyaux du patrimoine strasbourgeois. Le groupe \u00e9tait accompagn\u00e9 du directeur du p\u00e9riscolaire, de Hassyia, animatrice du club ados, de Mme\u00a0Monier, directrice du groupe scolaire, ainsi que de plusieurs \u00e9lus et du maire.<\/p>\n","protected":false},"excerpt":{"rendered":"Le Conseil Municipal des Jeunes a organis\u00e9 une sortie au Parlement Europ\u00e9en de Strasbourg, en invitant \u00e9galement les&hellip;\n","protected":false},"author":2,"featured_media":537942,"comment_status":"","ping_status":"","sticky":false,"template":"","format":"standard","meta":{"footnotes":""},"categories":[2820],"tags":[1111,11,9848,1687,1704,1777,674,1011,27,775,12,25,24495,640],"class_list":{"0":"post-537941","1":"post","2":"type-post","3":"status-publish","4":"format-standard","5":"has-post-thumbnail","7":"category-strasbourg","8":"tag-actu","9":"tag-actualites","10":"tag-cc-moselle-et-madon-54b","11":"tag-culture-loisirs","12":"tag-edition-nancy-et-agglomeration","13":"tag-eu","14":"tag-europe","15":"tag-fr","16":"tag-france","17":"tag-grand-est","18":"tag-news","19":"tag-republique-francaise","20":"tag-richardmenil","21":"tag-strasbourg"},"share_on_mastodon":{"url":"","error":""},"_links":{"self":[{"href":"https:\/\/www.europesays.com\/fr\/wp-json\/wp\/v2\/posts\/537941","targetHints":{"allow":["GET"]}}],"collection":[{"href":"https:\/\/www.europesays.com\/fr\/wp-json\/wp\/v2\/posts"}],"about":[{"href":"https:\/\/www.europesays.com\/fr\/wp-json\/wp\/v2\/types\/post"}],"author":[{"embeddable":true,"href":"https:\/\/www.europesays.com\/fr\/wp-json\/wp\/v2\/users\/2"}],"replies":[{"embeddable":true,"href":"https:\/\/www.europesays.com\/fr\/wp-json\/wp\/v2\/comments?post=537941"}],"version-history":[{"count":0,"href":"https:\/\/www.europesays.com\/fr\/wp-json\/wp\/v2\/posts\/537941\/revisions"}],"wp:featuredmedia":[{"embeddable":true,"href":"https:\/\/www.europesays.com\/fr\/wp-json\/wp\/v2\/media\/537942"}],"wp:attachment":[{"href":"https:\/\/www.europesays.com\/fr\/wp-json\/wp\/v2\/media?parent=537941"}],"wp:term":[{"taxonomy":"category","embeddable":true,"href":"https:\/\/www.europesays.com\/fr\/wp-json\/wp\/v2\/categories?post=537941"},{"taxonomy":"post_tag","embeddable":true,"href":"https:\/\/www.europesays.com\/fr\/wp-json\/wp\/v2\/tags?post=537941"}],"curies":[{"name":"wp","href":"https:\/\/api.w.org\/{rel}","templated":true}]}}