{"id":537943,"date":"2025-11-16T10:21:20","date_gmt":"2025-11-16T10:21:20","guid":{"rendered":"https:\/\/www.europesays.com\/fr\/537943\/"},"modified":"2025-11-16T10:21:20","modified_gmt":"2025-11-16T10:21:20","slug":"tram-ouest-les-yeux-tournes-vers-le-nord","status":"publish","type":"post","link":"https:\/\/www.europesays.com\/fr\/537943\/","title":{"rendered":"tram ouest, les yeux tourn\u00e9s vers le Nord \u00a0?"},"content":{"rendered":"<p>Une affaire qui roule, une autre qui reste \u00e0 quai. Destin\u00e9es pour le moins diverses concernant le projet r\u00e9ussi d&rsquo;extension du tram \u00e0 l&rsquo;Ouest et celui, nettement plus chaotique, de la cr\u00e9ation d&rsquo;une ligne vers le Nord de l&rsquo;Eurom\u00e9tropole de Strasbourg. De quoi inspirer notre illustrateur Yannick Lefran\u00e7ois, \u00e0 qui le paradoxe n&rsquo;a \u00e9videmment pas \u00e9chapp\u00e9 en cette journ\u00e9e inaugurale de la ligne F jusqu&rsquo;\u00e0 Wolfisheim&#8230;<\/p>\n","protected":false},"excerpt":{"rendered":"Une affaire qui roule, une autre qui reste \u00e0 quai. Destin\u00e9es pour le moins diverses concernant le projet&hellip;\n","protected":false},"author":2,"featured_media":537944,"comment_status":"","ping_status":"","sticky":false,"template":"","format":"standard","meta":{"footnotes":""},"categories":[2820],"tags":[1111,11,2880,1777,674,107,1011,27,775,1757,12,25,104,640,3265,2879,2803],"class_list":{"0":"post-537943","1":"post","2":"type-post","3":"status-publish","4":"format-standard","5":"has-post-thumbnail","7":"category-strasbourg","8":"tag-actu","9":"tag-actualites","10":"tag-edition-strasbourg","11":"tag-eu","12":"tag-europe","13":"tag-fil-info","14":"tag-fr","15":"tag-france","16":"tag-grand-est","17":"tag-insolite","18":"tag-news","19":"tag-republique-francaise","20":"tag-societe","21":"tag-strasbourg","22":"tag-strasbourg-nord","23":"tag-strasbourg-ville","24":"tag-transport"},"share_on_mastodon":{"url":"https:\/\/pubeurope.com\/@fr\/115558880728874852","error":""},"_links":{"self":[{"href":"https:\/\/www.europesays.com\/fr\/wp-json\/wp\/v2\/posts\/537943","targetHints":{"allow":["GET"]}}],"collection":[{"href":"https:\/\/www.europesays.com\/fr\/wp-json\/wp\/v2\/posts"}],"about":[{"href":"https:\/\/www.europesays.com\/fr\/wp-json\/wp\/v2\/types\/post"}],"author":[{"embeddable":true,"href":"https:\/\/www.europesays.com\/fr\/wp-json\/wp\/v2\/users\/2"}],"replies":[{"embeddable":true,"href":"https:\/\/www.europesays.com\/fr\/wp-json\/wp\/v2\/comments?post=537943"}],"version-history":[{"count":0,"href":"https:\/\/www.europesays.com\/fr\/wp-json\/wp\/v2\/posts\/537943\/revisions"}],"wp:featuredmedia":[{"embeddable":true,"href":"https:\/\/www.europesays.com\/fr\/wp-json\/wp\/v2\/media\/537944"}],"wp:attachment":[{"href":"https:\/\/www.europesays.com\/fr\/wp-json\/wp\/v2\/media?parent=537943"}],"wp:term":[{"taxonomy":"category","embeddable":true,"href":"https:\/\/www.europesays.com\/fr\/wp-json\/wp\/v2\/categories?post=537943"},{"taxonomy":"post_tag","embeddable":true,"href":"https:\/\/www.europesays.com\/fr\/wp-json\/wp\/v2\/tags?post=537943"}],"curies":[{"name":"wp","href":"https:\/\/api.w.org\/{rel}","templated":true}]}}