{"id":537945,"date":"2025-11-16T10:22:16","date_gmt":"2025-11-16T10:22:16","guid":{"rendered":"https:\/\/www.europesays.com\/fr\/537945\/"},"modified":"2025-11-16T10:22:16","modified_gmt":"2025-11-16T10:22:16","slug":"expo-maurice-denis-enfin-sorti-dun-injuste-oubli","status":"publish","type":"post","link":"https:\/\/www.europesays.com\/fr\/537945\/","title":{"rendered":"EXPO : Maurice Denis, enfin sorti d\u2019un injuste oubli"},"content":{"rendered":"<p>                    <img loading=\"lazy\" decoding=\"async\" src=\"https:\/\/www.europesays.com\/fr\/wp-content\/uploads\/2025\/11\/8c1b5a4af5f72e909eab8b7d63bafa.jpg\" class=\"img-responsive post-image\" width=\"680\" height=\"510\" alt=\"EXPO : Maurice Denis, (\u2026)\" title=\"EXPO : Maurice Denis, enfin sorti d'un injuste oubli\"\/><\/p>\n<p class=\"chapo\">Bien s\u00fbr, le grand public connait moins le nom de Maurice Denis que ceux de Renoir, Monet ou C\u00e9zanne, m\u00eame s\u2019il \u00e9tait une star de la peinture au d\u00e9but du si\u00e8cle dernier. Il fut pourtant expos\u00e9 en 2007 \u00e0 Orsay \u00e0 Paris et l\u2019est actuellement au Mus\u00e9e des Beaux Arts Jules-Ch\u00e9ret de Nice, \u00e0 l\u2019occasion du centenaire d\u2019une exposition \u00e0 laquelle il n\u2019avait pas pu se rendre en personne, occup\u00e9  par ses commandes et par la naissance d\u2019un enfant. Il fut l\u2019invit\u00e9 d\u2019honneur de cette manifestation pour laquelle il avait s\u00e9lectionn\u00e9 scrupuleusement quarante-trois oeuvres envoy\u00e9es \u00e0 ses frais sur la C\u00f4te d\u2019Azur.<\/p>\n<p>Auparavant, de 1906 \u00e0 1922, Maurice Denis visite notre r\u00e9gion \u00e0 plusieurs reprises. Il accomplit \u00e0 bicyclette un voyage hivernal jusqu\u2019\u00e0 Bordighera. Il s\u2019\u00e9prend des paysages et de la v\u00e9g\u00e9tation m\u00e9diterran\u00e9enne que l\u2019on verra maintes fois orner ses tableaux. Il s\u00e9journe \u00e0 Antibes, peint des vues de l\u2019Est\u00e9rel, du Baou de Saint Jeannet.<\/p>\n<p>Mouvement Nabi<\/p>\n<p>L\u2019exposition qui vient de d\u00e9buter \u00e0 Jules-Ch\u00e9ret confirme les raisons deu succ\u00e8s dont le peintre a \u00e9t\u00e9 l\u2019objet. Elle r\u00e9\u00e9value son \u0153uvre et montre le  r\u00f4le crucial qu\u2019il a jou\u00e9 dans la th\u00e9orie de l\u2019art dans sa fameuse phrase\u00a0: \u00ab\u00a0 se rappeler qu\u2019un tableau, avant d\u2019\u00eatre un cheval de bataille, une femme nue, ou une quelconque anecdote, est essentiellement une surface plane recouverte de couleurs en un certain ordre assembl\u00e9es\u00a0\u00bb.<\/p>\n<p>\t\t<img loading=\"lazy\" decoding=\"async\" src=\"https:\/\/www.europesays.com\/fr\/wp-content\/uploads\/2025\/11\/article_rectangle_-2.png\" width=\"375\" height=\"463\" alt=\"\"\/><\/p>\n<p>(d\u00e9tail) Nausicaa, jeu de balles, huile sur toile habituellement pr\u00e9sent\u00e9e au mus\u00e9e national du sport de Nice. (Photo \u00a9M.L)\n<\/p>\n<p>Il annonce cette future r\u00e9volution ayant conduit \u00e0 l\u2019art abstrait\u00a0! Le <strong>mouvement Nabi<\/strong> auquel Maurice Denis appartient est plut\u00f4t de caract\u00e8re intimiste, symboliste et d\u00e9coratif. Il se r\u00e9f\u00e8re \u00e0 la tradition classique dans ses citations et sa forme. Fervent catholique, le peintre met l\u2019art au service de sa foi. Sa peinture si parfaite dans sa facture, \u00e0 la palette de couleurs si s\u00e9duisantes, si totalement charmante dans son ensemble est d\u2019un go\u00fbt \u00ab\u00a0parfait\u00a0\u00bb pour plaire \u00e0  la bourgeoisie de l\u2019\u00e9poque. Il manquerait \u00e0 nos yeux d\u2019observateur du XXIe si\u00e8cle qu\u2019une  spontan\u00e9it\u00e9 et une folie cr\u00e9atrice que l\u2019on vit \u00e9clore apr\u00e8s la Premi\u00e8re guerre mondiale. On ne retrouve pas cette \u00e9tincelle dans l\u2019\u0153uvre de Maurice Denis. Cependant nous nous plaisons fort \u00e0 admirer l\u2019art avec lequel sa palette se fond dans les bleus, les roses et les vert v\u00e9ron\u00e8se qui cr\u00e9ent de la s\u00e9r\u00e9nit\u00e9 dans ses paysages idylliques.<br class=\"autobr\"\/><br \/>\nPreuve d\u2019un int\u00e9r\u00eat nouveau pour son \u0153uvre, la ville d\u2019Angoul\u00eame pr\u00e9sente au m\u00eame moment une exposition consacr\u00e9e \u00e0 cet artiste voyageur\u00a0: \u0153uvres peintes pour certaines in\u00e9dites, des dessins, carnets, livres illustr\u00e9s, photographies, lettres. Pour ne plus rien ignorer d\u2019un cr\u00e9ateur aujourd\u2019hui \u00e9clips\u00e9 par Renoir, Monet ou C\u00e9zanne\u2026<\/p>\n<p><strong>\u00c0 Nice, jusqu\u2019au 8 mars 2026.<\/strong><\/p>\n<p> <a href=\"https:\/\/www.europesays.com\/fr\/wp-content\/uploads\/2025\/11\/maillol.jpg\" class=\"spip_doc_lien mediabox\" type=\"image\/jpeg\"><br \/>\n\t\t<img loading=\"lazy\" decoding=\"async\" src=\"https:\/\/www.europesays.com\/fr\/wp-content\/uploads\/2025\/11\/maillol.jpg\" width=\"1024\" height=\"831\" alt=\"\"\/><\/a><\/p>\n<p>Maillol sculptant dans un paysage invent\u00e9. (photo \u00a9ML)<\/p>\n","protected":false},"excerpt":{"rendered":"Bien s\u00fbr, le grand public connait moins le nom de Maurice Denis que ceux de Renoir, Monet ou&hellip;\n","protected":false},"author":2,"featured_media":537946,"comment_status":"","ping_status":"","sticky":false,"template":"","format":"standard","meta":{"footnotes":""},"categories":[2819],"tags":[1111,11,2408,1777,674,1011,27,12,2401,882,25],"class_list":{"0":"post-537945","1":"post","2":"type-post","3":"status-publish","4":"format-standard","5":"has-post-thumbnail","7":"category-nice","8":"tag-actu","9":"tag-actualites","10":"tag-appels-d","11":"tag-eu","12":"tag-europe","13":"tag-fr","14":"tag-france","15":"tag-news","16":"tag-nice","17":"tag-provence-alpes-cote-dazur","18":"tag-republique-francaise"},"share_on_mastodon":{"url":"https:\/\/pubeurope.com\/@fr\/115558886053282726","error":""},"_links":{"self":[{"href":"https:\/\/www.europesays.com\/fr\/wp-json\/wp\/v2\/posts\/537945","targetHints":{"allow":["GET"]}}],"collection":[{"href":"https:\/\/www.europesays.com\/fr\/wp-json\/wp\/v2\/posts"}],"about":[{"href":"https:\/\/www.europesays.com\/fr\/wp-json\/wp\/v2\/types\/post"}],"author":[{"embeddable":true,"href":"https:\/\/www.europesays.com\/fr\/wp-json\/wp\/v2\/users\/2"}],"replies":[{"embeddable":true,"href":"https:\/\/www.europesays.com\/fr\/wp-json\/wp\/v2\/comments?post=537945"}],"version-history":[{"count":0,"href":"https:\/\/www.europesays.com\/fr\/wp-json\/wp\/v2\/posts\/537945\/revisions"}],"wp:featuredmedia":[{"embeddable":true,"href":"https:\/\/www.europesays.com\/fr\/wp-json\/wp\/v2\/media\/537946"}],"wp:attachment":[{"href":"https:\/\/www.europesays.com\/fr\/wp-json\/wp\/v2\/media?parent=537945"}],"wp:term":[{"taxonomy":"category","embeddable":true,"href":"https:\/\/www.europesays.com\/fr\/wp-json\/wp\/v2\/categories?post=537945"},{"taxonomy":"post_tag","embeddable":true,"href":"https:\/\/www.europesays.com\/fr\/wp-json\/wp\/v2\/tags?post=537945"}],"curies":[{"name":"wp","href":"https:\/\/api.w.org\/{rel}","templated":true}]}}