{"id":537949,"date":"2025-11-16T10:24:23","date_gmt":"2025-11-16T10:24:23","guid":{"rendered":"https:\/\/www.europesays.com\/fr\/537949\/"},"modified":"2025-11-16T10:24:23","modified_gmt":"2025-11-16T10:24:23","slug":"saint-sebastien-sur-loire-avec-glinde-un-lien-plus-fort-que-jamais","status":"publish","type":"post","link":"https:\/\/www.europesays.com\/fr\/537949\/","title":{"rendered":"Saint-S\u00e9bastien-sur-Loire. Avec Glinde, un lien plus fort que jamais"},"content":{"rendered":"<p>Apr\u00e8s avoir c\u00e9l\u00e9br\u00e9 \u00e0 Saint-S\u00e9bastien, en 2024, le 60e anniversaire du jumelage avec Glinde \u2013 un \u00e9v\u00e9nement co\u00efncidant avec le passage de la flamme olympique \u2013, c\u2019\u00e9tait au tour de la ville allemande d\u2019accueillir en 2025 une importante d\u00e9l\u00e9gation s\u00e9bastiennaise pour marquer \u00e0 son tour cet anniversaire.<\/p>\n<p>L\u2019un des moments les plus \u00e9mouvants du s\u00e9jour fut le recueillement de la d\u00e9l\u00e9gation sur la tombe d\u2019Arthur Christiansen, cofondateur du jumelage avec Marcelin Verbe. Afin de prolonger ces instants empreints d\u2019humanit\u00e9, une vid\u00e9o retra\u00e7ant le voyage a \u00e9t\u00e9 projet\u00e9e.<\/p>\n<p>Des projets<\/p>\n<p>Les adh\u00e9rents ont ensuite \u00e9voqu\u00e9 les prochaines animations. \u00c0 l\u2019occasion du march\u00e9 de No\u00ebl, une d\u00e9l\u00e9gation de cinq habitants de Glinde viendra proposer leur c\u00e9l\u00e8bre vin chaud ainsi que diverses sp\u00e9cialit\u00e9s gourmandes.<\/p>\n<p>Sur le plan scolaire, les \u00e9changes entre le coll\u00e8ge des \u00celes de Loire et le lyc\u00e9e de Glinde se poursuivent. Deux professeurs allemands se relaient pour assurer les cours d\u2019allemand. Le pr\u00e9sident, Yannick Richard, a exprim\u00e9 le souhait de relancer les \u00e9changes de jeunes durant l\u2019\u00e9t\u00e9, comme cela se faisait auparavant.<\/p>\n<p>\u00a0<\/p>\n","protected":false},"excerpt":{"rendered":"Apr\u00e8s avoir c\u00e9l\u00e9br\u00e9 \u00e0 Saint-S\u00e9bastien, en 2024, le 60e anniversaire du jumelage avec Glinde \u2013 un \u00e9v\u00e9nement co\u00efncidant&hellip;\n","protected":false},"author":2,"featured_media":537950,"comment_status":"","ping_status":"","sticky":false,"template":"","format":"standard","meta":{"footnotes":""},"categories":[2818],"tags":[1111,11,1777,674,7482,1011,27,3546,5776,4415,766,12,2636,25,3524],"class_list":{"0":"post-537949","1":"post","2":"type-post","3":"status-publish","4":"format-standard","5":"has-post-thumbnail","7":"category-nantes","8":"tag-actu","9":"tag-actualites","10":"tag-eu","11":"tag-europe","12":"tag-fort","13":"tag-fr","14":"tag-france","15":"tag-glinde","16":"tag-jamais","17":"tag-lien","18":"tag-nantes","19":"tag-news","20":"tag-pays-de-la-loire","21":"tag-republique-francaise","22":"tag-saint-sebastien-sur-loire"},"share_on_mastodon":{"url":"https:\/\/pubeurope.com\/@fr\/115558892439364226","error":""},"_links":{"self":[{"href":"https:\/\/www.europesays.com\/fr\/wp-json\/wp\/v2\/posts\/537949","targetHints":{"allow":["GET"]}}],"collection":[{"href":"https:\/\/www.europesays.com\/fr\/wp-json\/wp\/v2\/posts"}],"about":[{"href":"https:\/\/www.europesays.com\/fr\/wp-json\/wp\/v2\/types\/post"}],"author":[{"embeddable":true,"href":"https:\/\/www.europesays.com\/fr\/wp-json\/wp\/v2\/users\/2"}],"replies":[{"embeddable":true,"href":"https:\/\/www.europesays.com\/fr\/wp-json\/wp\/v2\/comments?post=537949"}],"version-history":[{"count":0,"href":"https:\/\/www.europesays.com\/fr\/wp-json\/wp\/v2\/posts\/537949\/revisions"}],"wp:featuredmedia":[{"embeddable":true,"href":"https:\/\/www.europesays.com\/fr\/wp-json\/wp\/v2\/media\/537950"}],"wp:attachment":[{"href":"https:\/\/www.europesays.com\/fr\/wp-json\/wp\/v2\/media?parent=537949"}],"wp:term":[{"taxonomy":"category","embeddable":true,"href":"https:\/\/www.europesays.com\/fr\/wp-json\/wp\/v2\/categories?post=537949"},{"taxonomy":"post_tag","embeddable":true,"href":"https:\/\/www.europesays.com\/fr\/wp-json\/wp\/v2\/tags?post=537949"}],"curies":[{"name":"wp","href":"https:\/\/api.w.org\/{rel}","templated":true}]}}