{"id":537955,"date":"2025-11-16T10:28:11","date_gmt":"2025-11-16T10:28:11","guid":{"rendered":"https:\/\/www.europesays.com\/fr\/537955\/"},"modified":"2025-11-16T10:28:11","modified_gmt":"2025-11-16T10:28:11","slug":"avec-un-cadenas-autour-du-cou-deux-militants-senchainent-au-palais-de-justice-a-bordeaux","status":"publish","type":"post","link":"https:\/\/www.europesays.com\/fr\/537955\/","title":{"rendered":"Avec un cadenas autour du cou, deux militants s&rsquo;encha\u00eenent au palais de justice \u00e0 Bordeaux"},"content":{"rendered":"<p>                    Par<br \/>\n        <strong><br \/>\n            <a href=\"https:\/\/actu.fr\/auteur\/sports33\" title=\"Consulter tous les articles de Nicolas Gosselin\" rel=\"nofollow noopener\" target=\"_blank\">Nicolas Gosselin<\/a><br \/>\n                    <\/strong><\/p>\n<p>        Publi\u00e9 le<\/p>\n<p>            16 nov. 2025 \u00e0 11h19        <\/p>\n<p>Avec un <strong>cadenas autour du cou<\/strong>, deux militants d\u2019<strong>Extinction Rebellion<\/strong> se sont encha\u00een\u00e9s aux <strong>grilles du palais de justice<\/strong> de Bordeaux, samedi 15 novembre 2025, dans la matin\u00e9e. Les cl\u00e9s ont \u00e9t\u00e9 transmises au pr\u00e9fet, en symbole de leur action de <strong>d\u00e9sob\u00e9issance civile<\/strong>.<\/p>\n<p class=\" wall-content\">\u00ab\u00a0Le gouvernement reste sourd aux demandes de la population, pi\u00e9tinant les r\u00e9sultats \u00e9lectoraux, ignorant les mobilisations sociales et multipliant les reculs environnementaux malgr\u00e9 les alertes unanimes. Notre pr\u00e9sident, son gouvernement et leurs repr\u00e9sentants dans chaque r\u00e9gion \u2013 les pr\u00e9fets \u2013 ont les cl\u00e9s du probl\u00e8me\u00a0\u00bb, rappelle le mouvement international qui lutte contre l\u2019<strong>effondrement \u00e9cologique<\/strong> et le <a href=\"https:\/\/actu.fr\/tag\/changement-climatique\" rel=\"nofollow noopener\" target=\"_blank\">d\u00e9r\u00e8glement climatique<\/a>.<\/p>\n<blockquote class=\"ac-article-quote wall-content\">\n<p>Par ce geste, nous voulons d\u00e9noncer leur immobilisme face \u00e0 la crise \u00e9cologique et sociale que nous subissons, immobilisme d&rsquo;autant plus sid\u00e9rant que le peuple fran\u00e7ais se d\u00e9clare tr\u00e8s majoritairement inquiet par le changement climatique.<\/p>\n<p>    <strong>Extinction Rebellion<\/strong>\n            <\/p><\/blockquote>\n<p class=\" wall-content\">La m\u00eame action a \u00e9t\u00e9 men\u00e9e conjointement dans quatre autres villes en France : Nantes, Annecy, Chamb\u00e9ry et Auxerre.<\/p>\n<p class=\" wall-content\">Outre la reconnaissance de gravit\u00e9 de la<strong> crise \u00e9cologique actuelle<\/strong> par les dirigeants, les militants d\u2019Extinction Rebellion r\u00e9clament la fin de <strong>\u00ab\u00a0tous les projets \u00e9cocidaires\u00a0\u00bb<\/strong>, \u00e9voquant par exemple en Gironde les projets de <a href=\"https:\/\/actu.fr\/nouvelle-aquitaine\/parempuyre_33312\/le-colossal-projet-de-raffinerie-emme-suscite-des-inquietudes-chez-les-elus-de-bordeaux-metropole_63245977.html\" rel=\"nofollow noopener\" target=\"_blank\">m\u00e9ga usine EMME \u00e0 Parempuyre<\/a>, de <a href=\"https:\/\/actu.fr\/nouvelle-aquitaine\/le-verdon-sur-mer_33544\/une-zone-fragile-en-gironde-le-projet-geant-d-elevage-de-saumons-suscite-encore-les-inquietudes_60958412.html\" rel=\"nofollow noopener\" target=\"_blank\">m\u00e9ga ferme Pure Salmon au Verdon<\/a> ou encore de <a href=\"https:\/\/actu.fr\/nouvelle-aquitaine\/canejan_33090\/vivement-critique-par-les-opposants-le-surfpark-de-canejan-trouve-un-surprenant-allie-pour-defendre-le-projet_63009259.html\" rel=\"nofollow noopener\" target=\"_blank\">surfpark \u00e0 Can\u00e9jan<\/a>\u2026<\/p>\n<p class=\" wall-content\">Personnalisez votre actualit\u00e9 en ajoutant vos villes et m\u00e9dias en favori avec <a href=\"https:\/\/moncompte.actu.fr\" title=\"D\u00e9couvez Mon Actu\" rel=\"nofollow noopener\" data-trk=\"{&quot;cta&quot;:{&quot;action&quot;:&quot;https:\\\/\\\/moncompte.actu.fr&quot;,&quot;category&quot;:&quot;mon compte&quot;,&quot;from&quot;:&quot;article footer&quot;,&quot;name&quot;:&quot;Mon actu&quot;,&quot;type&quot;:&quot;cta&quot;}}\" target=\"_blank\">Mon Actu<\/a>.<\/p>\n","protected":false},"excerpt":{"rendered":"Par Nicolas Gosselin Publi\u00e9 le 16 nov. 2025 \u00e0 11h19 Avec un cadenas autour du cou, deux militants&hellip;\n","protected":false},"author":2,"featured_media":537956,"comment_status":"","ping_status":"","sticky":false,"template":"","format":"standard","meta":{"footnotes":""},"categories":[2817],"tags":[1111,11,1997,4734,436,1777,674,1011,27,12,2219,316,5140,25],"class_list":{"0":"post-537955","1":"post","2":"type-post","3":"status-publish","4":"format-standard","5":"has-post-thumbnail","7":"category-bordeaux","8":"tag-actu","9":"tag-actualites","10":"tag-bordeaux","11":"tag-changement-climatique","12":"tag-environnement","13":"tag-eu","14":"tag-europe","15":"tag-fr","16":"tag-france","17":"tag-news","18":"tag-nouvelle-aquitaine","19":"tag-politique","20":"tag-rechauffement-climatique","21":"tag-republique-francaise"},"share_on_mastodon":{"url":"https:\/\/pubeurope.com\/@fr\/115558908193789675","error":""},"_links":{"self":[{"href":"https:\/\/www.europesays.com\/fr\/wp-json\/wp\/v2\/posts\/537955","targetHints":{"allow":["GET"]}}],"collection":[{"href":"https:\/\/www.europesays.com\/fr\/wp-json\/wp\/v2\/posts"}],"about":[{"href":"https:\/\/www.europesays.com\/fr\/wp-json\/wp\/v2\/types\/post"}],"author":[{"embeddable":true,"href":"https:\/\/www.europesays.com\/fr\/wp-json\/wp\/v2\/users\/2"}],"replies":[{"embeddable":true,"href":"https:\/\/www.europesays.com\/fr\/wp-json\/wp\/v2\/comments?post=537955"}],"version-history":[{"count":0,"href":"https:\/\/www.europesays.com\/fr\/wp-json\/wp\/v2\/posts\/537955\/revisions"}],"wp:featuredmedia":[{"embeddable":true,"href":"https:\/\/www.europesays.com\/fr\/wp-json\/wp\/v2\/media\/537956"}],"wp:attachment":[{"href":"https:\/\/www.europesays.com\/fr\/wp-json\/wp\/v2\/media?parent=537955"}],"wp:term":[{"taxonomy":"category","embeddable":true,"href":"https:\/\/www.europesays.com\/fr\/wp-json\/wp\/v2\/categories?post=537955"},{"taxonomy":"post_tag","embeddable":true,"href":"https:\/\/www.europesays.com\/fr\/wp-json\/wp\/v2\/tags?post=537955"}],"curies":[{"name":"wp","href":"https:\/\/api.w.org\/{rel}","templated":true}]}}