{"id":537961,"date":"2025-11-16T10:32:11","date_gmt":"2025-11-16T10:32:11","guid":{"rendered":"https:\/\/www.europesays.com\/fr\/537961\/"},"modified":"2025-11-16T10:32:11","modified_gmt":"2025-11-16T10:32:11","slug":"voici-les-contours-du-projet","status":"publish","type":"post","link":"https:\/\/www.europesays.com\/fr\/537961\/","title":{"rendered":"voici les contours du projet"},"content":{"rendered":"<p>                    Par<br \/>\n        <strong><br \/>\n            <a href=\"https:\/\/actu.fr\/auteur\/nicolas-demollien\" title=\"Consulter tous les articles de Nicolas Demollien\" target=\"_blank\" rel=\"noopener\">Nicolas Demollien<\/a><br \/>\n                    <\/strong><\/p>\n<p>        Publi\u00e9 le<\/p>\n<p>            16 nov. 2025 \u00e0 10h28        <\/p>\n<p>\u00ab\u00a0<b>Jeanne de Flandre<\/b> Demain\u00a0\u00bb. Voil\u00e0 le nom du <b>vaste projet de modernisation et d\u2019extension <\/b>qui va \u00eatre men\u00e9 dans la<b> maternit\u00e9<\/b> du <a href=\"https:\/\/actu.fr\/tag\/chu-de-lille\" target=\"_blank\" rel=\"noopener\">CHU de Lille<\/a> (Nord). Un accompagnement financier de <b>150 M\u20ac a \u00e9t\u00e9 allou\u00e9 par l\u2019Agence r\u00e9gionale de sant\u00e9 (ARS)<\/b> et les contours sont d\u2019ores et d\u00e9j\u00e0 dessin\u00e9s. On fait le point.<\/p>\n<p>C\u2019est quoi ce projet d\u2019extension et de modernisation de Jeanne de Flandre \u00e0 Lille ?<\/p>\n<p data-end=\"201\" class=\" wall-content\">Il faut dire que depuis son ouverture en 1996, l\u2019h\u00f4pital Jeanne de Flandre a connu une <b>augmentation soutenue et constante de son activit\u00e9<\/b>. Mais le <b>b\u00e2timent n\u2019\u00e9tant plus modifiable<\/b> : \u00ab\u00a0sa <b>modernisation et son extension \u00e9taient devenues indispensables<\/b>\u00ab\u00a0, souffle-t-on du c\u00f4t\u00e9 du CHU de Lille. <br \/>L\u2019\u00e9tablissement assure ainsi avoir con\u00e7u \u00ab\u00a0un <b>projet adapt\u00e9 aux \u00e9volutions<\/b> des besoins de la population, des technologies, de la d\u00e9mographie des professions de sant\u00e9 en gyn\u00e9cologie-obst\u00e9trique, en n\u00e9onatalogie et en p\u00e9diatrie, tout en rendant les lieux plus fonctionnels et plus accueillants\u00a0\u00bb.<\/p>\n<p data-end=\"201\" class=\" wall-content\">Le projet Jeanne de Flandre Demain doit ainsi <b>achever de regrouper et de s\u00e9curiser \u00e0 Lille toutes ces activit\u00e9s<\/b>, dont certaines restaient localis\u00e9es dans d\u2019autres h\u00f4pitaux du campus du CHU. \u00ab\u00a0Il permettra d\u2019offrir des parcours de soins encore am\u00e9lior\u00e9s tout en favorisant la recherche et l\u2019enseignement\u00a0\u00bb.<\/p>\n<p>Lancement du concours d\u2019architecture<\/p>\n<p data-end=\"2922\" class=\" wall-content\">Le projet entre dans ses phases op\u00e9rationnelles avec le lancement du concours d\u2019architecture. Il pr\u00e9voit notamment l\u2019extension des b\u00e2timents existants et la r\u00e9novation des locaux int\u00e9rieurs. Le CHU d\u00e9taille son projet en trois points :\u00a0<\/p>\n<ul class=\" wall-content\">\n<li data-end=\"3349\"><b>Pour l\u2019enfant :<\/b> la cr\u00e9ation d\u2019un plateau technique d\u00e9di\u00e9 ; l\u2019ouverture d\u2019une unit\u00e9 de traitement ambulatoire dimensionn\u00e9e selon les besoins r\u00e9gionaux ; la r\u00e9organisation et l\u2019extension des r\u00e9animations ; une unit\u00e9 de prise en charge de p\u00e9diatrie polyvalente et de post-urgence ; le regroupement des services de p\u00e9diatrie actuellement \u00e9clat\u00e9s sur le campus, afin d\u2019am\u00e9liorer la prise en charge et d\u2019optimiser les ressources.<\/li>\n<li data-end=\"3652\"><b>Pour la femme :<\/b> la reconfiguration des unit\u00e9s selon les parcours et le degr\u00e9 de gravit\u00e9 ; le d\u00e9veloppement des prises en charge physiologiques ; la cr\u00e9ation d\u2019un plateau d\u2019imagerie de la femme ; l\u2019extension du bloc de gyn\u00e9cologie et son regroupement avec le service d\u2019aide m\u00e9dicale \u00e0 la procr\u00e9ation.<\/li>\n<li data-end=\"3979\"><b>En transversal :<\/b> la reconfiguration de l\u2019accueil des familles et l\u2019am\u00e9lioration de l\u2019accueil h\u00f4telier ; un projet volontariste autour de la responsabilit\u00e9 sociale et environnementale (IHAB \u2013 Initiative H\u00f4pital Ami des b\u00e9b\u00e9s, THQSE \u2013 Tr\u00e8s Haute Qualit\u00e9 Sanitaire, Sociale et Environnementale, \u00a0\u00bb 1 000 jours pour la sant\u00e9 \u00ab\u00a0).<\/li>\n<\/ul>\n<p data-end=\"4636\" class=\" wall-content\">Et le CHU de pr\u00e9ciser que \u00ab\u00a0Jeanne de Flandre Demain d\u00e9veloppera un <b>haut niveau de performance \u00e9nerg\u00e9tique<\/b>, pour l\u2019existant comme pour son extension, gr\u00e2ce \u00e0 une meilleure isolation du b\u00e2timent et \u00e0 de nouvelles centrales de traitement d\u2019air\u00a0\u00bb.<\/p>\n<p>Votre r\u00e9gion, votre actu !<\/p>\n<p>Recevez chaque jour les infos qui comptent pour vous.<\/p>\n<p>\t<a href=\"https:\/\/actu.fr\/newsletter\" class=\"ac-btn ac-btn--corner ac-btn--medium ac-btn--blue800\" target=\"_blank\" rel=\"noopener\">S&rsquo;incrire<\/a><\/p>\n<p data-end=\"4636\" class=\" wall-content\">Le calendrier pr\u00e9visionnel pr\u00e9voit la conduite des \u00e9tudes, la cr\u00e9ation architecturale et le lancement des march\u00e9s pour d\u00e9marrer les travaux de r\u00e9novation et d\u2019extension d\u00e9but 2028. L\u2019<b>ach\u00e8vement complet est pr\u00e9vu pour 2033<\/b>, compte tenu de l\u2019ampleur du chantier, pour un investissement total de 258 millions d\u2019euros.<\/p>\n<p data-end=\"4636\" class=\" wall-content\">Pr\u00e9cisons que l\u2019h\u00f4pital restera ouvert en permanence pendant toute la dur\u00e9e des travaux.<\/p>\n<p class=\" wall-content\">Personnalisez votre actualit\u00e9 en ajoutant vos villes et m\u00e9dias en favori avec <a href=\"https:\/\/moncompte.actu.fr\" title=\"D\u00e9couvez Mon Actu\" rel=\"nofollow noopener\" data-trk=\"{&quot;cta&quot;:{&quot;action&quot;:&quot;https:\\\/\\\/moncompte.actu.fr&quot;,&quot;category&quot;:&quot;mon compte&quot;,&quot;from&quot;:&quot;article footer&quot;,&quot;name&quot;:&quot;Mon actu&quot;,&quot;type&quot;:&quot;cta&quot;}}\" target=\"_blank\">Mon Actu<\/a>.<\/p>\n","protected":false},"excerpt":{"rendered":"Par Nicolas Demollien Publi\u00e9 le 16 nov. 2025 \u00e0 10h28 \u00ab\u00a0Jeanne de Flandre Demain\u00a0\u00bb. Voil\u00e0 le nom du&hellip;\n","protected":false},"author":2,"featured_media":537962,"comment_status":"","ping_status":"","sticky":false,"template":"","format":"standard","meta":{"footnotes":""},"categories":[2815],"tags":[1111,11,25689,1777,674,1011,27,811,1307,12,25,71,104],"class_list":{"0":"post-537961","1":"post","2":"type-post","3":"status-publish","4":"format-standard","5":"has-post-thumbnail","7":"category-lille","8":"tag-actu","9":"tag-actualites","10":"tag-chu-de-lille","11":"tag-eu","12":"tag-europe","13":"tag-fr","14":"tag-france","15":"tag-hauts-de-france","16":"tag-lille","17":"tag-news","18":"tag-republique-francaise","19":"tag-sante","20":"tag-societe"},"share_on_mastodon":{"url":"https:\/\/pubeurope.com\/@fr\/115558923851949151","error":""},"_links":{"self":[{"href":"https:\/\/www.europesays.com\/fr\/wp-json\/wp\/v2\/posts\/537961","targetHints":{"allow":["GET"]}}],"collection":[{"href":"https:\/\/www.europesays.com\/fr\/wp-json\/wp\/v2\/posts"}],"about":[{"href":"https:\/\/www.europesays.com\/fr\/wp-json\/wp\/v2\/types\/post"}],"author":[{"embeddable":true,"href":"https:\/\/www.europesays.com\/fr\/wp-json\/wp\/v2\/users\/2"}],"replies":[{"embeddable":true,"href":"https:\/\/www.europesays.com\/fr\/wp-json\/wp\/v2\/comments?post=537961"}],"version-history":[{"count":0,"href":"https:\/\/www.europesays.com\/fr\/wp-json\/wp\/v2\/posts\/537961\/revisions"}],"wp:featuredmedia":[{"embeddable":true,"href":"https:\/\/www.europesays.com\/fr\/wp-json\/wp\/v2\/media\/537962"}],"wp:attachment":[{"href":"https:\/\/www.europesays.com\/fr\/wp-json\/wp\/v2\/media?parent=537961"}],"wp:term":[{"taxonomy":"category","embeddable":true,"href":"https:\/\/www.europesays.com\/fr\/wp-json\/wp\/v2\/categories?post=537961"},{"taxonomy":"post_tag","embeddable":true,"href":"https:\/\/www.europesays.com\/fr\/wp-json\/wp\/v2\/tags?post=537961"}],"curies":[{"name":"wp","href":"https:\/\/api.w.org\/{rel}","templated":true}]}}