{"id":537966,"date":"2025-11-16T10:36:14","date_gmt":"2025-11-16T10:36:14","guid":{"rendered":"https:\/\/www.europesays.com\/fr\/537966\/"},"modified":"2025-11-16T10:36:14","modified_gmt":"2025-11-16T10:36:14","slug":"revenir-au-theatre-cest-lappel-de-la-foret","status":"publish","type":"post","link":"https:\/\/www.europesays.com\/fr\/537966\/","title":{"rendered":"Revenir au th\u00e9\u00e2tre c&rsquo;est l&rsquo;appel de la for\u00eat"},"content":{"rendered":"<p>Mots choisis avec une ic\u00f4ne aupr\u00e8s de qui la production de la pi\u00e8ce ne nous a pas autoris\u00e9s \u00e0 \u00e9voquer un sujet pourtant important\u00a0: la d\u00e9fense de son ami <a href=\"https:\/\/www.laprovence.com\/article\/faits-divers-justice\/39838356164765\/gerard-depardieu-renvoye-en-proces-pour-viols-devant-la-cour-criminelle-departementale-de-paris\" target=\"_blank\" rel=\"noopener\">G\u00e9rard Depardieu<\/a>, jusqu\u2019\u00e0 l\u2019int\u00e9rieur du tribunal.<\/p>\n<p><strong>On ne vous avait plus vue au th\u00e9\u00e2tre depuis \u00ab\u00a0La Passion suspendue\u00a0\u00bb de <a href=\"https:\/\/www.laprovence.com\/article\/culture-loisirs\/74267876415074\/a-marseille-le-festival-films-femmes-mediterranee-reunit-44-films-de-realisatrices-pour-ses-20-ans\" target=\"_blank\" rel=\"noopener\">Marguerite Duras<\/a>. Qu\u2019est-ce qui vous a donn\u00e9 envie de replonger\u00a0?<\/strong>&#13;\n<\/p>\n<p>Revenir au th\u00e9\u00e2tre est toujours myst\u00e9rieux, comme si se mettait en place une alchimie entre un moment particulier de votre vie, un texte, un personnage. C\u2019est l\u2019appel de la for\u00eat, impossible \u00e0 d\u00e9finir en termes logiques et raisonnables.<\/p>\n<p><strong>Qui est madame de Clermont, le personnage que vous incarnez dans cette pi\u00e8ce\u00a0?<\/strong>&#13;\n<\/p>\n<p>Madame de Clermont est une femme du XVIIe\u00a0si\u00e8cle, \u00e0 l\u2019\u00e9poque de La Fronde. Tr\u00e8s jeune, elle a \u00e9t\u00e9 mari\u00e9e \u00e0 un homme qu\u2019elle ne connaissait pas et dont elle a eu quatre enfants. Elle fait la connaissance d\u2019un homme qui arrive dans son jardin et s\u2019\u00e9vanouit en tombant de son cheval. C\u2019est une rencontre romanesque qui va engloutir la vie de Monsieur de la Tour, le cavalier et Madame de Clermont.<\/p>\n<p><strong>En quoi a-t-elle une mani\u00e8re singuli\u00e8re de vivre les sentiments amoureux\u00a0?<\/strong>&#13;\n<\/p>\n<p>Il n\u2019y a pas de mani\u00e8re singuli\u00e8re de vivre les sentiments amoureux. Chac&#8230;<\/p>\n","protected":false},"excerpt":{"rendered":"Mots choisis avec une ic\u00f4ne aupr\u00e8s de qui la production de la pi\u00e8ce ne nous a pas autoris\u00e9s&hellip;\n","protected":false},"author":2,"featured_media":537967,"comment_status":"","ping_status":"","sticky":false,"template":"","format":"standard","meta":{"footnotes":""},"categories":[2814],"tags":[17,1111,11,65679,4411,1777,674,18594,1011,27,884,12,882,16,25,16172,65680,4441],"class_list":{"0":"post-537966","1":"post","2":"type-post","3":"status-publish","4":"format-standard","5":"has-post-thumbnail","7":"category-marseille","8":"tag-17","9":"tag-actu","10":"tag-actualites","11":"tag-ardant","12":"tag-ciotat","13":"tag-eu","14":"tag-europe","15":"tag-fanny","16":"tag-fr","17":"tag-france","18":"tag-marseille","19":"tag-news","20":"tag-provence-alpes-cote-dazur","21":"tag-region","22":"tag-republique-francaise","23":"tag-revenir","24":"tag-thor","25":"tag-tournee"},"share_on_mastodon":{"url":"https:\/\/pubeurope.com\/@fr\/115558939605864484","error":""},"_links":{"self":[{"href":"https:\/\/www.europesays.com\/fr\/wp-json\/wp\/v2\/posts\/537966","targetHints":{"allow":["GET"]}}],"collection":[{"href":"https:\/\/www.europesays.com\/fr\/wp-json\/wp\/v2\/posts"}],"about":[{"href":"https:\/\/www.europesays.com\/fr\/wp-json\/wp\/v2\/types\/post"}],"author":[{"embeddable":true,"href":"https:\/\/www.europesays.com\/fr\/wp-json\/wp\/v2\/users\/2"}],"replies":[{"embeddable":true,"href":"https:\/\/www.europesays.com\/fr\/wp-json\/wp\/v2\/comments?post=537966"}],"version-history":[{"count":0,"href":"https:\/\/www.europesays.com\/fr\/wp-json\/wp\/v2\/posts\/537966\/revisions"}],"wp:featuredmedia":[{"embeddable":true,"href":"https:\/\/www.europesays.com\/fr\/wp-json\/wp\/v2\/media\/537967"}],"wp:attachment":[{"href":"https:\/\/www.europesays.com\/fr\/wp-json\/wp\/v2\/media?parent=537966"}],"wp:term":[{"taxonomy":"category","embeddable":true,"href":"https:\/\/www.europesays.com\/fr\/wp-json\/wp\/v2\/categories?post=537966"},{"taxonomy":"post_tag","embeddable":true,"href":"https:\/\/www.europesays.com\/fr\/wp-json\/wp\/v2\/tags?post=537966"}],"curies":[{"name":"wp","href":"https:\/\/api.w.org\/{rel}","templated":true}]}}