{"id":537968,"date":"2025-11-16T10:37:14","date_gmt":"2025-11-16T10:37:14","guid":{"rendered":"https:\/\/www.europesays.com\/fr\/537968\/"},"modified":"2025-11-16T10:37:14","modified_gmt":"2025-11-16T10:37:14","slug":"ce-quil-sest-passe-ce-samedi","status":"publish","type":"post","link":"https:\/\/www.europesays.com\/fr\/537968\/","title":{"rendered":"ce qu&rsquo;il s&rsquo;est pass\u00e9 ce samedi"},"content":{"rendered":"<p>                    Par<br \/>\n        <strong><br \/>\n            <a href=\"https:\/\/actu.fr\/auteur\/nicolas-zaugra\" title=\"Consulter tous les articles de Nicolas Zaugra\" target=\"_blank\" rel=\"noopener\">Nicolas Zaugra<\/a><br \/>\n                    <\/strong><\/p>\n<p>        Publi\u00e9 le<\/p>\n<p>            16 nov. 2025 \u00e0 11h11<br \/>\n        ; mis \u00e0 jour le 16 nov. 2025 \u00e0 11h13    <\/p>\n<p><strong>INFO ACTU LYON<\/strong>. Encore un refus d\u2019obtemp\u00e9rer dans le <strong>quartier de Confluence<\/strong> (2e arrondissement) \u00e0 <a href=\"https:\/\/actu.fr\/auvergne-rhone-alpes\/lyon_69123\" target=\"_blank\" rel=\"noopener\">Lyon<\/a>. Samedi 15 novembre 2025 vers 23h15, la soir\u00e9e <strong>devant les bo\u00eetes de nuit et \u00e9tablissements festifs<\/strong> du secteur a d\u00e9rap\u00e9.<\/p>\n<p class=\" wall-content\">Un contr\u00f4le de police rue Hrant Dink a mal tourn\u00e9 quand des policiers ont voulu contr\u00f4ler le conducteur d\u2019une Peugeot 308, a appris actu Lyon de source polici\u00e8re dimanche.<\/p>\n<p class=\" wall-content\">Le conducteur, avec deux passagers \u00e0 bord, a refus\u00e9 de se soumettre au contr\u00f4le de police et a fonc\u00e9 sur un agent qui a \u00e9t\u00e9 oblig\u00e9 de se d\u00e9caler.<\/p>\n<p>    <a href=\"https:\/\/www.google.com\/maps\/embed?pb=!1m18!1m12!1m3!1d9325.514592487623!2d4.817358287362097!3d45.73720197468531!2m3!1f0!2f0!3f0!3m2!1i1024!2i768!4f13.1!3m3!1m2!1s0x47f4ebcf5cb2e85d%3A0x71f954ba611c708d!2sRue%20Hrant%20Dink%2C%2069002%20Lyon!5e1!3m2!1sfr!2sfr!4v1763286263833!5m2!1sfr!2sfr\" title=\"Ouvrie le lien\" target=\"_blank\" rel=\"noopener\">Cliquez ici pour visualiser le contenu<\/a><\/p>\n<p>Tirs de la police vers la voiture<\/p>\n<p class=\" wall-content\">Un autre policier a d\u00fb faire usage d\u2019un stop stick (une herse avec des piques en m\u00e9tal pour crever des pneus) afin d\u2019\u00e9viter le pire. Le conducteur a en effet fonc\u00e9 vers d\u2019autres policiers en prenant la fuite.<\/p>\n<p class=\" wall-content\">Un agent a fait usage de son arme de service et a tir\u00e9 deux fois en direction de la Peugeot. Les mis en cause ont pris la fuite \u00e0 pied vers une impasse proche.<\/p>\n<p>Deux personnes interpell\u00e9es<\/p>\n<p class=\" wall-content\">Deux suspects ont \u00e9t\u00e9 interpell\u00e9s \u00e0 la courette. Ils ont \u00e9t\u00e9 plac\u00e9s en garde \u00e0 vue.<\/p>\n<p>Votre r\u00e9gion, votre actu !<\/p>\n<p>Recevez chaque jour les infos qui comptent pour vous.<\/p>\n<p>\t<a href=\"https:\/\/actu.fr\/newsletter\" class=\"ac-btn ac-btn--corner ac-btn--medium ac-btn--blue800\" target=\"_blank\" rel=\"noopener\">S&rsquo;incrire<\/a><\/p>\n<p class=\" wall-content\">Personne n\u2019a \u00e9t\u00e9 bless\u00e9. Une enqu\u00eate est ouverte sur le refus d\u2019obtemp\u00e9rer et sur l\u2019usage de l\u2019arme du policier.<\/p>\n<p class=\" wall-content\">Un autre <a href=\"https:\/\/actu.fr\/auvergne-rhone-alpes\/lyon_69123\/lyon-refus-d-obtemperer-suivi-d-un-accident-violent-des-victimes-entre-la-vie-et-la-mort_63320711.html\" target=\"_blank\" rel=\"noopener\">refus d\u2019obtemp\u00e9rer dans le secteur<\/a> en octobre dernier a fait des bless\u00e9s graves. Jade, une jeune femme avait t\u00e9moign\u00e9 avoir <a href=\"https:\/\/actu.fr\/auvergne-rhone-alpes\/lyon_69123\/lyon-jade-a-frole-la-mort-lors-d-un-accident-provoque-par-un-chauffard-elle-raconte_63359004.html\" target=\"_blank\" rel=\"noopener\">\u00ab\u00a0fr\u00f4l\u00e9 la mort\u00a0\u00bb<\/a> apr\u00e8s l\u2019accident provoqu\u00e9 par le chauffard fuyant un contr\u00f4le de police.<\/p>\n<p class=\" wall-content\"><strong>Avec Julien Damboise<\/strong><\/p>\n<p class=\" wall-content\">Personnalisez votre actualit\u00e9 en ajoutant vos villes et m\u00e9dias en favori avec <a href=\"https:\/\/moncompte.actu.fr\" title=\"D\u00e9couvez Mon Actu\" rel=\"nofollow noopener\" data-trk=\"{&quot;cta&quot;:{&quot;action&quot;:&quot;https:\\\/\\\/moncompte.actu.fr&quot;,&quot;category&quot;:&quot;mon compte&quot;,&quot;from&quot;:&quot;article footer&quot;,&quot;name&quot;:&quot;Mon actu&quot;,&quot;type&quot;:&quot;cta&quot;}}\" target=\"_blank\">Mon Actu<\/a>.<\/p>\n","protected":false},"excerpt":{"rendered":"Par Nicolas Zaugra Publi\u00e9 le 16 nov. 2025 \u00e0 11h11 ; mis \u00e0 jour le 16 nov. 2025&hellip;\n","protected":false},"author":2,"featured_media":537969,"comment_status":"","ping_status":"","sticky":false,"template":"","format":"standard","meta":{"footnotes":""},"categories":[1889],"tags":[1111,11,2430,3157,1777,674,118,1011,27,2428,12,1072,25],"class_list":{"0":"post-537968","1":"post","2":"type-post","3":"status-publish","4":"format-standard","5":"has-post-thumbnail","7":"category-lyon","8":"tag-actu","9":"tag-actualites","10":"tag-auvergne-rhone-alpes","11":"tag-confluence","12":"tag-eu","13":"tag-europe","14":"tag-faits-divers","15":"tag-fr","16":"tag-france","17":"tag-lyon","18":"tag-news","19":"tag-police","20":"tag-republique-francaise"},"share_on_mastodon":{"url":"","error":""},"_links":{"self":[{"href":"https:\/\/www.europesays.com\/fr\/wp-json\/wp\/v2\/posts\/537968","targetHints":{"allow":["GET"]}}],"collection":[{"href":"https:\/\/www.europesays.com\/fr\/wp-json\/wp\/v2\/posts"}],"about":[{"href":"https:\/\/www.europesays.com\/fr\/wp-json\/wp\/v2\/types\/post"}],"author":[{"embeddable":true,"href":"https:\/\/www.europesays.com\/fr\/wp-json\/wp\/v2\/users\/2"}],"replies":[{"embeddable":true,"href":"https:\/\/www.europesays.com\/fr\/wp-json\/wp\/v2\/comments?post=537968"}],"version-history":[{"count":0,"href":"https:\/\/www.europesays.com\/fr\/wp-json\/wp\/v2\/posts\/537968\/revisions"}],"wp:featuredmedia":[{"embeddable":true,"href":"https:\/\/www.europesays.com\/fr\/wp-json\/wp\/v2\/media\/537969"}],"wp:attachment":[{"href":"https:\/\/www.europesays.com\/fr\/wp-json\/wp\/v2\/media?parent=537968"}],"wp:term":[{"taxonomy":"category","embeddable":true,"href":"https:\/\/www.europesays.com\/fr\/wp-json\/wp\/v2\/categories?post=537968"},{"taxonomy":"post_tag","embeddable":true,"href":"https:\/\/www.europesays.com\/fr\/wp-json\/wp\/v2\/tags?post=537968"}],"curies":[{"name":"wp","href":"https:\/\/api.w.org\/{rel}","templated":true}]}}