{"id":537972,"date":"2025-11-16T10:40:19","date_gmt":"2025-11-16T10:40:19","guid":{"rendered":"https:\/\/www.europesays.com\/fr\/537972\/"},"modified":"2025-11-16T10:40:19","modified_gmt":"2025-11-16T10:40:19","slug":"immobilier-de-luxe-le-charme-discret-des-moulins-opere-en-ile-de-france","status":"publish","type":"post","link":"https:\/\/www.europesays.com\/fr\/537972\/","title":{"rendered":"Immobilier\u00a0de luxe : le charme discret des moulins op\u00e8re en \u00cele-de-France"},"content":{"rendered":"<p class=\"paragraph text_align_left lp-f-body-02\">Certains biens d\u2019exception le sont plus que d\u2019autres. On pense aux ch\u00e2teaux bien s\u00fbr, aux manoirs et autres gentilhommi\u00e8res, mais rarement aux moulins. Pourtant, leur charme discret attire de plus en plus d\u2019acheteurs en qu\u00eate de nature et d\u2019authenticit\u00e9, selon les professionnels de l\u2019<a href=\"https:\/\/www.leparisien.fr\/immobilier\/\" target=\"_blank\" rel=\"noreferrer noopener\">immobilier<\/a> de luxe.<\/p>\n<p class=\"paragraph text_align_left lp-f-body-02\">Et \u00e7a tombe bien, le pays n\u2019en manque pas. \u00ab Ils constituent le troisi\u00e8me patrimoine en volume en France derri\u00e8re les \u00e9glises et <a href=\"https:\/\/www.leparisien.fr\/immobilier\/en-vente-a-180-millions-deuros-le-chateau-darmainvilliers-est-le-bien-le-plus-cher-de-france-06-04-2025-XGUESELRCFGWLHPLFSMO6S5G7I.php\" target=\"_blank\" rel=\"noreferrer noopener\">les ch\u00e2teaux<\/a>, raconte Maxime Delacourt, fan, devenu sp\u00e9cialiste des moulins. Ils retracent l\u2019histoire industrielle de la France. On en compte environ 350 000 en Europe dont 80 000 environ dans l\u2019Hexagone et environ 400 en \u00cele-de-France. \u00bb C\u2019est le relief du territoire avec ses nombreux cours d\u2019eau qui permet au pays d\u2019en compter un si grand nombre.<\/p>\n","protected":false},"excerpt":{"rendered":"Certains biens d\u2019exception le sont plus que d\u2019autres. On pense aux ch\u00e2teaux bien s\u00fbr, aux manoirs et autres&hellip;\n","protected":false},"author":2,"featured_media":537973,"comment_status":"","ping_status":"","sticky":false,"template":"","format":"standard","meta":{"footnotes":""},"categories":[1592],"tags":[1111,11,1777,674,1011,27,662,1116,12,626,25],"class_list":{"0":"post-537972","1":"post","2":"type-post","3":"status-publish","4":"format-standard","5":"has-post-thumbnail","7":"category-ile-de-france","8":"tag-actu","9":"tag-actualites","10":"tag-eu","11":"tag-europe","12":"tag-fr","13":"tag-france","14":"tag-ile-de-france","15":"tag-immobilier","16":"tag-news","17":"tag-paris","18":"tag-republique-francaise"},"share_on_mastodon":{"url":"https:\/\/pubeurope.com\/@fr\/115558955401229561","error":""},"_links":{"self":[{"href":"https:\/\/www.europesays.com\/fr\/wp-json\/wp\/v2\/posts\/537972","targetHints":{"allow":["GET"]}}],"collection":[{"href":"https:\/\/www.europesays.com\/fr\/wp-json\/wp\/v2\/posts"}],"about":[{"href":"https:\/\/www.europesays.com\/fr\/wp-json\/wp\/v2\/types\/post"}],"author":[{"embeddable":true,"href":"https:\/\/www.europesays.com\/fr\/wp-json\/wp\/v2\/users\/2"}],"replies":[{"embeddable":true,"href":"https:\/\/www.europesays.com\/fr\/wp-json\/wp\/v2\/comments?post=537972"}],"version-history":[{"count":0,"href":"https:\/\/www.europesays.com\/fr\/wp-json\/wp\/v2\/posts\/537972\/revisions"}],"wp:featuredmedia":[{"embeddable":true,"href":"https:\/\/www.europesays.com\/fr\/wp-json\/wp\/v2\/media\/537973"}],"wp:attachment":[{"href":"https:\/\/www.europesays.com\/fr\/wp-json\/wp\/v2\/media?parent=537972"}],"wp:term":[{"taxonomy":"category","embeddable":true,"href":"https:\/\/www.europesays.com\/fr\/wp-json\/wp\/v2\/categories?post=537972"},{"taxonomy":"post_tag","embeddable":true,"href":"https:\/\/www.europesays.com\/fr\/wp-json\/wp\/v2\/tags?post=537972"}],"curies":[{"name":"wp","href":"https:\/\/api.w.org\/{rel}","templated":true}]}}