{"id":537976,"date":"2025-11-16T10:42:20","date_gmt":"2025-11-16T10:42:20","guid":{"rendered":"https:\/\/www.europesays.com\/fr\/537976\/"},"modified":"2025-11-16T10:42:20","modified_gmt":"2025-11-16T10:42:20","slug":"velos-pietons-bus-a-paris-rachida-dati-emmanuel-gregoire-et-pierre-yves-bournazel-font-leurs-propositions-a-quelques-mois-des-municipales","status":"publish","type":"post","link":"https:\/\/www.europesays.com\/fr\/537976\/","title":{"rendered":"V\u00e9los, pi\u00e9tons, bus \u00e0 Paris: Rachida Dati, Emmanuel Gr\u00e9goire et Pierre-Yves Bournazel font leurs propositions \u00e0 quelques mois des municipales"},"content":{"rendered":"<p class=\"mb-4 text-lg md:leading-8 break-words\">Les candidats concurrents \u00e0 la mairie de Paris Rachida Dati (LR), Emmanuel Gr\u00e9goire (PS) et Pierre-Yves Bournazel (Renaissance et Horizon) ont d\u00e9taill\u00e9, samedi 15 et dimanche 16 novembre, leurs propositions pour repenser la mobilit\u00e9 dans la capitale.<\/p>\n<p class=\"mb-4 text-lg md:leading-8 break-words\">La premi\u00e8re plaide pour redonner sa place au pi\u00e9ton, le second pour fluidifier la circulation des bus, le troisi\u00e8me pour redonner la priorit\u00e9 aux pi\u00e9tons face au tour voitures.<\/p>\n<p>Rachida Dati pour \u00ab\u00a0sanctuariser la place du pi\u00e9ton\u00a0\u00bb<\/p>\n<p class=\"mb-4 text-lg md:leading-8 break-words\">Dans une interview \u00e0 <a href=\"https:\/\/www.latribune.fr\/article\/la-tribune-dimanche\/politique\/50192254989928\/je-veux-apaiser-paris-rachida-dati-candidate-lr-dans-la-capitale\" rel=\"nofollow noopener\" target=\"_blank\" data-ylk=\"slk:La Tribune Dimanche;elm:context_link;itc:0;sec:content-canvas\" class=\"link \">La Tribune Dimanche<\/a> parue en ligne samedi 15 novembre, Rachida Dati, maire LR du 7e arrondissement promet un \u00ab\u00a0Paris apais\u00e9\u00a0\u00bb et souhaite \u00ab\u00a0sanctuariser la place du pi\u00e9ton\u00a0\u00bb, \u00ab\u00a0grand oubli\u00e9\u00a0\u00bb, selon elle des mandatures d&rsquo;Anne Hidalgo.<\/p>\n<p class=\"mb-4 text-lg md:leading-8 break-words\">Evoquant un \u00ab\u00a0chaos g\u00e9n\u00e9ralis\u00e9\u00a0\u00bb dans les rues de Paris, avec des bus \u00ab\u00a0qui n&rsquo;arrivent plus \u00e0 circuler\u00a0\u00bb et des \u00ab\u00a0personnes \u00e2g\u00e9es qui ont peur de traverser la chauss\u00e9e\u00a0\u00bb, l&rsquo;actuelle ministre de la Culture souhaite d\u00e9finir un \u00ab\u00a0sch\u00e9ma global de mobilit\u00e9\u00a0\u00bb et \u00ab\u00a0mettre en place des transverses d\u00e9di\u00e9es aux pi\u00e9tons\u00a0\u00bb.<\/p>\n<p class=\"mb-4 text-lg md:leading-8 break-words\">Accus\u00e9e par ses adversaires d&rsquo;\u00eatre la candidate de la voiture, Rachida Dati promet de \u00ab\u00a0ne pas r\u00e9duire la place du v\u00e9lo \u00e0 l&rsquo;\u00e9chelle de tout Paris\u00a0\u00bb tout en soulignant que les v\u00e9los \u00ab\u00a0n&rsquo;ont pas \u00e0 circuler sur les trottoirs ni \u00e0 br\u00fbler les feux\u00a0\u00bb.<\/p>\n<p class=\"mb-4 text-lg md:leading-8 break-words\">La candidate exclut la r\u00e9ouverture des voies sur berges \u00e0 la voiture, mais remontera les v\u00e9los sur une partie de la rive droite de la Seine afin de laisser les quais bas aux pi\u00e9tons. Elle propose aussi d&rsquo;exp\u00e9rimenter le retour des automobilistes parisiens rue de Rivoli pour la \u00ab\u00a0desserte locale\u00a0\u00bb, notamment les commerces.<\/p>\n<p class=\"mb-4 text-lg md:leading-8 break-words\">Les berges de la Seine seront elles transform\u00e9es \u00ab\u00a0en grand parc urbain patrimonial qui int\u00e9grera des espaces de d\u00e9tente, sportifs, et culturels\u00a0\u00bb, et v\u00e9g\u00e9talis\u00e9es.<\/p>\n<p class=\"mb-4 text-lg md:leading-8 break-words\">Elle envisage aussi un retour partiel sur la limitation \u00e0 30km\/h dans le centre de Paris, posera des enrob\u00e9s phoniques sur le p\u00e9riph\u00e9rique, qui sera \u00e0 terme couvert, et promet un nouveau tarif r\u00e9sident \u00ab\u00a0abordable\u00a0\u00bb pour les automobilistes parisiens.<\/p>\n<p>Emmanuel Gr\u00e9goire pour une \u00ab\u00a0cohabitation apais\u00e9e\u00a0\u00bb<\/p>\n<p class=\"mb-4 text-lg md:leading-8 break-words\">Le candidat PS Emmanuel Gr\u00e9goire d\u00e9fend \u00e9galement, dans le quotidien <a href=\"https:\/\/www.ouest-france.fr\/elections\/municipales\/info-ouest-france-municipales-a-paris-les-projets-bus-express-et-grandes-berges-demmanuel-gregoire-42247860-c22a-11f0-8509-2c0807403e46\" rel=\"nofollow noopener\" target=\"_blank\" data-ylk=\"slk:Ouest-France;elm:context_link;itc:0;sec:content-canvas\" class=\"link \">Ouest-France<\/a>, une \u00ab\u00a0cohabitation apais\u00e9e entre pi\u00e9tons, cyclistes, usagers du bus et automobilistes\u00a0\u00bb.<\/p>\n<p class=\"mb-4 text-lg md:leading-8 break-words\">Il propose aussi un \u00ab\u00a0grand plan\u00a0\u00bb pour fluidifier les d\u00e9placements, et veut rendre l&rsquo;usage du bus \u00ab\u00a0de nouveau attractif\u00a0\u00bb pour \u00ab\u00a0faciliter le trajet de pr\u00e8s de 250.000 Parisiens\u00a0\u00bb. Dix voies de bus express seront ainsi cr\u00e9\u00e9es sur les dix lignes les plus emprunt\u00e9es de la capitale, qui seront \u00e9quip\u00e9es de feux tricolores \u00e0 priorit\u00e9 renforc\u00e9e.<\/p>\n<p class=\"mb-4 text-lg md:leading-8 break-words\">Le d\u00e9put\u00e9 de Paris souhaite \u00e9galement poursuivre la transformation des berges de la Seine, avec des \u00ab\u00a0grandes berges pi\u00e9tonnes et vertes, depuis la jonction du canal Saint-Martin au fleuve, jusqu&rsquo;\u00e0 la porte de Bercy\u00a0\u00bb, une zone actuellement \u00ab\u00a0parsem\u00e9e de grandes infrastructures pens\u00e9es pour la voiture\u00a0\u00bb.<\/p>\n<p class=\"mb-4 text-lg md:leading-8 break-words\">Ce projet vise selon lui \u00e0 relier l&rsquo;ouest \u00e0 l&rsquo;est de la capitale, \u00ab\u00a0de la porte de Saint-Cloud \u00e0 Bercy\u00a0\u00bb, c\u00f4t\u00e9 rive droite, mais aussi avec des am\u00e9nagements rive gauche pour \u00ab\u00a0une vraie continuit\u00e9 pi\u00e9tonne et cyclable\u00a0\u00bb.<\/p>\n<p>Pierre-Yves Bournazel pour \u00ab\u00a0rendre Paris aux pi\u00e9tons\u00a0\u00bb<\/p>\n<p class=\"mb-4 text-lg md:leading-8 break-words\">Enfin, Pierre-Yves Bournazel, candidat ayant le soutien d&rsquo;Horizon et Renaissance, souhaite \u00ab\u00a0mettre fin \u00e0 la pagaille\u00a0\u00bb et \u00ab\u00a0rendre Paris aux pi\u00e9tons\u00a0\u00bb, affirme-t-il dans un communiqu\u00e9 publi\u00e9 ce dimanche.<\/p>\n<p class=\"mb-4 text-lg md:leading-8 break-words\">Il estime qu'\u00a0\u00bb\u00e0 Paris, se d\u00e9placer \u00e0 pied rel\u00e8ve trop souvent du parcours du combattant\u00a0\u00bb et fustige \u00e0 la fois le \u00ab\u00a0tout-v\u00e9lo de l\u2019\u00e9quipe sortante\u00a0\u00bb et le \u00ab\u00a0tout-voiture d\u00e9fendu par Madame Dati\u00a0\u00bb.<\/p>\n<p class=\"mb-4 text-lg md:leading-8 break-words\">Le candidat propose de \u00ab\u00a0cr\u00e9er de nouveaux quartiers pi\u00e9tons\u00a0\u00bb, de \u00ab\u00a0mieux am\u00e9nager les trottoirs\u00a0\u00bb, et \u00ab\u00a0d&rsquo;am\u00e9liorer la visibilit\u00e9 et la lisibilit\u00e9 des travers\u00e9es pour faciliter le quotidien des marcheurs\u00a0\u00bb pour mieux \u00ab\u00a0d\u00e9fendre les pi\u00e9tons, premiers usagers et les plus vuln\u00e9rables de l&rsquo;espace public\u00a0\u00bb.<\/p>\n<p class=\"mb-4 text-lg md:leading-8 break-words\">Il souhaite \u00e9galement \u00ab\u00a0porter les effectifs de la police municipale \u00e0 6.000 agents pour sanctionner les usagers de l\u2019espace public qui oublient le pi\u00e9ton\u00a0\u00bb, ainsi que \u00ab\u00a0d\u00e9ployer la vid\u00e9overbalisation\u00a0\u00bb et \u00ab\u00a0imposer l\u2019immatriculation des fatbikes\u00a0\u00bb.<\/p>\n<p class=\"mb-4 text-lg md:leading-8 break-words\">Pour finir, le candidat propose \u00ab\u00a0d&rsquo;instaurer un pilotage unique de tous les chantiers de voirie, avec des d\u00e9lais stricts et des p\u00e9nalit\u00e9s financi\u00e8res imm\u00e9diates pour les op\u00e9rateurs en retard\u00a0\u00bb, afin de limiter les travaux qui entravent la circulation, notamment de pi\u00e9tons.<\/p>\n<p class=\"mb-4 text-lg md:leading-8 break-words\"><a href=\"https:\/\/www.bfmtv.com\/politique\/elections\/municipales\/velos-pietons-bus-a-paris-rachida-dati-emmanuel-gregoire-et-pierre-yves-bournazel-font-leurs-propositions-a-quelques-mois-des-municipales_AD-202511160179.html#xtor=AL-68\" rel=\"nofollow noopener\" target=\"_blank\" data-ylk=\"slk:Article original publi\u00e9 sur BFMTV.com;elm:context_link;itc:0;sec:content-canvas\" class=\"link \">Article original publi\u00e9 sur BFMTV.com<\/a><\/p>\n","protected":false},"excerpt":{"rendered":"Les candidats concurrents \u00e0 la mairie de Paris Rachida Dati (LR), Emmanuel Gr\u00e9goire (PS) et Pierre-Yves Bournazel (Renaissance&hellip;\n","protected":false},"author":2,"featured_media":537977,"comment_status":"","ping_status":"","sticky":false,"template":"","format":"standard","meta":{"footnotes":""},"categories":[1888],"tags":[1111,1928,11,1927,7048,8186,1777,674,1011,27,4909,3228,12,1926,626,1925,59616,417,25],"class_list":{"0":"post-537976","1":"post","2":"type-post","3":"status-publish","4":"format-standard","5":"has-post-thumbnail","7":"category-paris","8":"tag-actu","9":"tag-actu-paris","10":"tag-actualites","11":"tag-actualites-paris","12":"tag-bus","13":"tag-emmanuel-gregoire","14":"tag-eu","15":"tag-europe","16":"tag-fr","17":"tag-france","18":"tag-la-capitale","19":"tag-lr","20":"tag-news","21":"tag-news-paris","22":"tag-paris","23":"tag-paris-news","24":"tag-pierre-yves-bournazel","25":"tag-rachida-dati","26":"tag-republique-francaise"},"share_on_mastodon":{"url":"https:\/\/pubeurope.com\/@fr\/115558963329764607","error":""},"_links":{"self":[{"href":"https:\/\/www.europesays.com\/fr\/wp-json\/wp\/v2\/posts\/537976","targetHints":{"allow":["GET"]}}],"collection":[{"href":"https:\/\/www.europesays.com\/fr\/wp-json\/wp\/v2\/posts"}],"about":[{"href":"https:\/\/www.europesays.com\/fr\/wp-json\/wp\/v2\/types\/post"}],"author":[{"embeddable":true,"href":"https:\/\/www.europesays.com\/fr\/wp-json\/wp\/v2\/users\/2"}],"replies":[{"embeddable":true,"href":"https:\/\/www.europesays.com\/fr\/wp-json\/wp\/v2\/comments?post=537976"}],"version-history":[{"count":0,"href":"https:\/\/www.europesays.com\/fr\/wp-json\/wp\/v2\/posts\/537976\/revisions"}],"wp:featuredmedia":[{"embeddable":true,"href":"https:\/\/www.europesays.com\/fr\/wp-json\/wp\/v2\/media\/537977"}],"wp:attachment":[{"href":"https:\/\/www.europesays.com\/fr\/wp-json\/wp\/v2\/media?parent=537976"}],"wp:term":[{"taxonomy":"category","embeddable":true,"href":"https:\/\/www.europesays.com\/fr\/wp-json\/wp\/v2\/categories?post=537976"},{"taxonomy":"post_tag","embeddable":true,"href":"https:\/\/www.europesays.com\/fr\/wp-json\/wp\/v2\/tags?post=537976"}],"curies":[{"name":"wp","href":"https:\/\/api.w.org\/{rel}","templated":true}]}}