{"id":537986,"date":"2025-11-16T10:47:13","date_gmt":"2025-11-16T10:47:13","guid":{"rendered":"https:\/\/www.europesays.com\/fr\/537986\/"},"modified":"2025-11-16T10:47:13","modified_gmt":"2025-11-16T10:47:13","slug":"la-presse-alemanique-releve-les-zones-dombre-des-concessions-faites-aux-etats-unis","status":"publish","type":"post","link":"https:\/\/www.europesays.com\/fr\/537986\/","title":{"rendered":"La presse al\u00e9manique rel\u00e8ve les zones d&rsquo;ombre des concessions faites aux Etats-Unis"},"content":{"rendered":"<p>La presse al\u00e9manique s&rsquo;interroge dimanche sur le \u00ab\u00a0deal\u00a0\u00bb conclu avec Washington. Pour faire passer les droits de douane am\u00e9ricains de 39 % \u00e0 15 %, la Suisse a fait des concessions. Lesquelles pr\u00e9cis\u00e9ment? Tout n&rsquo;est pas encore totalement clair.<\/p>\n<p>Pour l&rsquo;heure, la Conf\u00e9d\u00e9ration et l&rsquo;administration am\u00e9ricaine se sont entendues sur une \u00ab\u00a0d\u00e9claration d&rsquo;intention non contraignante\u00a0\u00bb. Elle doit servir de base \u00e0 la n\u00e9gociation d&rsquo;un accord formel, qui devrait \u00eatre conclu d&rsquo;ici les premiers mois de 2026.<\/p>\n<p>Certains passages du texte soul\u00e8vent des interrogations. La <a href=\"https:\/\/www.nzz.ch\/wirtschaft\/die-unbekannten-stolpersteine-im-zollstreit-trump-pocht-auf-deregulierung-besseren-zugang-zu-schweizer-daten-und-amerikanische-standards-bei-der-fahrzeugsicherheit-ld.1912060\" class=\"inline-link\" title=\"https:\/\/www.nzz.ch\/wirtschaft\/die-unbekannten-stolpersteine-im-zollstreit-trump-pocht-auf-deregulierung-besseren-zugang-zu-schweizer-daten-und-amerikanische-standards-bei-der-fahrzeugsicherheit-ld.1912060\" data-item-id=\"richtext_link\" target=\"_blank\" rel=\"noopener\">NZZ am Sonntag<\/a> rel\u00e8ve par exemple celui-ci: les deux pays doivent traiter les distorsions commerciales potentielles caus\u00e9es par les subventions ou les mesures prises par les entreprises publiques. \u00ab\u00a0Ce que cela signifie concr\u00e8tement reste flou\u00a0\u00bb, souligne l&rsquo;hebdomadaire zurichois.<\/p>\n<p>Annonce d&rsquo;investissements colossaux<\/p>\n<p>La <a href=\"https:\/\/www.tagesanzeiger.ch\/zoll-deal-das-wunder-mit-den-200-milliarden-franken-765566625995\" class=\"inline-link\" data-item-id=\"richtext_link\" target=\"_blank\" rel=\"noopener\">SonntagsZeitung<\/a> s&rsquo;int\u00e9resse de son c\u00f4t\u00e9 \u00e0 la promesse d&rsquo;investissements pharaoniques de 200 milliards de dollars de la part d&rsquo;entreprises helv\u00e9tiques sur le sol am\u00e9ricain. \u00ab\u00a0Un gros chiffre\u00a0\u00bb, pointe le journal, qui se demande: \u00ab\u00a0La Suisse a-t-elle bluff\u00e9?\u00a0\u00bb<\/p>\n<p>Un gros chiffre, certes, mais pas \u00ab\u00a0extravaguant\u00a0\u00bb pour autant, \u00e0 en croire Rahul Sahgal, le directeur de la Chambre de commerce am\u00e9ricano-suisse. Car ce montant repose sur un sondage aupr\u00e8s des entreprises membres de l&rsquo;organisation \u00e9conomique, qui lui ont communiqu\u00e9 leurs projets d&rsquo;investissements.<\/p>\n<p><strong class=\"inline-title\">&gt;&gt; A relire\u00a0: <\/strong><a href=\"https:\/\/www.rts.ch\/info\/suisse\/2025\/article\/accord-suisse-usa-droits-de-douane-reduits-a-15-mais-a-quel-prix-29059585.html\" data-item-id=\"richtext_link\" target=\"_blank\" rel=\"noopener\">La presse romande souligne le co\u00fbt \u00e9lev\u00e9 du deal sur les droits de douane am\u00e9ricains<\/a><\/p>\n<p>Des sanctions reprises par la Suisse<\/p>\n<p>Citons encore cette phrase, qui a visiblement laiss\u00e9 les journalistes al\u00e9maniques perplexes: \u00ab\u00a0Les participants ont l&rsquo;intention de renforcer la coop\u00e9ration existante en mati\u00e8re de contr\u00f4le des exportations et de sanctions am\u00e9ricaines\u00a0\u00bb, est-il \u00e9crit dans le texte.<\/p>\n<p>La <a href=\"https:\/\/www.tagesanzeiger.ch\/parmelin-zum-zoll-deal-wir-haben-unsere-seele-nicht-verkauft-522347368206\" class=\"inline-link\" data-item-id=\"richtext_link\" target=\"_blank\" rel=\"noopener\">SonntagsZeitung<\/a> a questionn\u00e9 Guy Parmelin sur ce sujet: cela signifie-t-il que la Suisse devra reprendre les sanctions am\u00e9ricaines?<\/p>\n<p>\u00ab\u00a0Non!\u00a0\u00bb assure le conseiller f\u00e9d\u00e9ral charg\u00e9 de l&rsquo;\u00e9conomie. Il est possible que Washington en fasse la demande un jour \u00e0 Berne, par exemple en cas de probl\u00e8me avec une banque. La Conf\u00e9d\u00e9ration analysera la situation et prendra une d\u00e9cision de mani\u00e8re autonome, comme c&rsquo;est d\u00e9j\u00e0 le cas actuellement. \u00ab\u00a0La Suisse n&rsquo;est soumise \u00e0 aucune obligation\u00a0\u00bb, souligne le Vaudois.<\/p>\n<p>Des intentions \u00e0 traduire en accord formel<\/p>\n<p>Le texte publi\u00e9 par la Maison Blanche comporte 29 points. Le mot \u00ab\u00a0intention\u00a0\u00bb y appara\u00eet 46 fois, remarque Simon Evenett, professeur de g\u00e9opolitique et de strat\u00e9gie \u00e0 l&rsquo;IMD Business School \u00e0 Lausanne, dans les colonnes de la NZZ am Sonntag.<\/p>\n<p>Des n\u00e9gociations doivent traduire ces souhaits dans un accord concret, avec plus de d\u00e9tails. On le sait, c&rsquo;est toujours l\u00e0 que le diable est cach\u00e9. \u00ab\u00a0Le chemin \u00e0 parcourir s&rsquo;annonce sem\u00e9 d&#8217;emb\u00fbches\u00a0\u00bb, pr\u00e9dit le journal.<\/p>\n<p> &gt;&gt; Revoir le sujet du 19h30 sur l&rsquo;abaissement des droits de douane\u00a0:   <img decoding=\"async\" class=\"embed-responsive-item\" loading=\"lazy\" src=\"https:\/\/www.europesays.com\/fr\/wp-content\/uploads\/2025\/11\/1763290033_515_plooag-29059376.image\" alt=\"La Suisse a n\u00e9goci\u00e9 des droits de douane am\u00e9ricains \u00e0 15%\"\/>    La Suisse a n\u00e9goci\u00e9 des droits de douane am\u00e9ricains \u00e0 15% \/ 19h30 \/ 2 min. \/ vendredi \u00e0 19:30 <\/p>\n<p class=\"sources\">Antoine Michel<\/p>\n","protected":false},"excerpt":{"rendered":"La presse al\u00e9manique s&rsquo;interroge dimanche sur le \u00ab\u00a0deal\u00a0\u00bb conclu avec Washington. Pour faire passer les droits de douane&hellip;\n","protected":false},"author":2,"featured_media":537987,"comment_status":"","ping_status":"","sticky":false,"template":"","format":"standard","meta":{"footnotes":""},"categories":[1589],"tags":[46825,11,2092,33,6359,257,73,1866,399,33527,12,316,2543,10378,3067,1864,1865,1863,308,2744],"class_list":{"0":"post-537986","1":"post","2":"type-post","3":"status-publish","4":"format-standard","5":"has-post-thumbnail","7":"category-etats-unis","8":"tag-accord-pacte-convention","9":"tag-actualites","10":"tag-droit-de-douane","11":"tag-economie","12":"tag-economie-et-finances","13":"tag-entreprise","14":"tag-etats-unis","15":"tag-etats-unis-damerique","16":"tag-investissement","17":"tag-negociation","18":"tag-news","19":"tag-politique","20":"tag-relations-internationales","21":"tag-sanction","22":"tag-suisse","23":"tag-united-states","24":"tag-united-states-of-america","25":"tag-us","26":"tag-usa","27":"tag-washington"},"share_on_mastodon":{"url":"https:\/\/pubeurope.com\/@fr\/115558983555973654","error":""},"_links":{"self":[{"href":"https:\/\/www.europesays.com\/fr\/wp-json\/wp\/v2\/posts\/537986","targetHints":{"allow":["GET"]}}],"collection":[{"href":"https:\/\/www.europesays.com\/fr\/wp-json\/wp\/v2\/posts"}],"about":[{"href":"https:\/\/www.europesays.com\/fr\/wp-json\/wp\/v2\/types\/post"}],"author":[{"embeddable":true,"href":"https:\/\/www.europesays.com\/fr\/wp-json\/wp\/v2\/users\/2"}],"replies":[{"embeddable":true,"href":"https:\/\/www.europesays.com\/fr\/wp-json\/wp\/v2\/comments?post=537986"}],"version-history":[{"count":0,"href":"https:\/\/www.europesays.com\/fr\/wp-json\/wp\/v2\/posts\/537986\/revisions"}],"wp:featuredmedia":[{"embeddable":true,"href":"https:\/\/www.europesays.com\/fr\/wp-json\/wp\/v2\/media\/537987"}],"wp:attachment":[{"href":"https:\/\/www.europesays.com\/fr\/wp-json\/wp\/v2\/media?parent=537986"}],"wp:term":[{"taxonomy":"category","embeddable":true,"href":"https:\/\/www.europesays.com\/fr\/wp-json\/wp\/v2\/categories?post=537986"},{"taxonomy":"post_tag","embeddable":true,"href":"https:\/\/www.europesays.com\/fr\/wp-json\/wp\/v2\/tags?post=537986"}],"curies":[{"name":"wp","href":"https:\/\/api.w.org\/{rel}","templated":true}]}}