{"id":537988,"date":"2025-11-16T10:48:14","date_gmt":"2025-11-16T10:48:14","guid":{"rendered":"https:\/\/www.europesays.com\/fr\/537988\/"},"modified":"2025-11-16T10:48:14","modified_gmt":"2025-11-16T10:48:14","slug":"tempete-claudia-les-images-des-impressionnants-degats-au-portugal-et-au-royaume-uni","status":"publish","type":"post","link":"https:\/\/www.europesays.com\/fr\/537988\/","title":{"rendered":"Temp\u00eate Claudia : les images des impressionnants d\u00e9g\u00e2ts au Portugal et au Royaume-Uni"},"content":{"rendered":"<ul class=\"jsx-862013697 ArticleChapo__List\">\n<li class=\"jsx-862013697 ArticleChapo__List_Item flex\">La temp\u00eate Claudia a frapp\u00e9 le Portugal et le Royaume-Uni, ces derniers jours.<\/li>\n<li class=\"jsx-862013697 ArticleChapo__List_Item flex\">Une femme britannique de 85 ans est morte et une vingtaine de personnes ont \u00e9t\u00e9 bless\u00e9es.<\/li>\n<li class=\"jsx-862013697 ArticleChapo__List_Item flex\">Les vents ont d\u00e9pass\u00e9 100 km\/h.<\/li>\n<\/ul>\n<p data-module=\"article-paragraph\" class=\"jsx-3046738180 Paragraph\">Au Portugal, la <a href=\"https:\/\/www.tf1info.fr\/international\/portugal-la-tempete-claudia-fait-un-mort-et-plusieurs-blesses-2406920.html\" target=\"_blank\" rel=\"noopener\">temp\u00eate Claudia<\/a> a tout balay\u00e9 sur son passage. \u00c0 Albufeira, dans le sud du pays, les vents \u00e0 plus de 100 km\/h ont ravag\u00e9 un camping. Une femme britannique de 85 ans est morte et une vingtaine de personnes ont \u00e9t\u00e9 bless\u00e9es dans cette zone touristique portugaise.\u00a0<\/p>\n<p data-module=\"article-paragraph\" class=\"jsx-3046738180 Paragraph\">\u00ab\u00a0L&rsquo;Institut portugais de la mer et de l&rsquo;atmosph\u00e8re n&rsquo;a pas encore pu mesurer si c&rsquo;\u00e9tait une <a href=\"https:\/\/www.tf1info.fr\/meteo\/tornade-bresil-des-vents-jusqu-a-250-km-h-au-moins-6-morts-et-750-blesses-2405496.html\" target=\"_blank\" rel=\"noopener\">tornade<\/a> ou une mini-tornade. En revanche, il s&rsquo;agit bien d&rsquo;un ph\u00e9nom\u00e8ne de vent extr\u00eame\u00a0\u00bb, a annonc\u00e9 le commandant r\u00e9gional de la Protection civile, Vitor Vaz Pinto<\/p>\n<p data-module=\"article-paragraph\" class=\"jsx-3046738180 Paragraph Paragraph__End\">\u00c0 Vila do Conde, les habitants, eux, tentent d&rsquo;\u00e9vacuer l&rsquo;eau de leur maison et de prot\u00e9ger leurs meubles. Au total, plus de 3.300 incidents ont \u00e9t\u00e9 enregistr\u00e9s dans l&rsquo;ensemble du Portugal.\u00a0<\/p>\n<p><a href=\"https:\/\/www.tf1info.fr\/international\/portugal-le-celebre-funiculaire-de-lisbonne-deraille-plusieurs-morts-et-des-blesses-graves-2392519.html\" rel=\"noopener\" class=\"jsx-3308031228 Link flex\" target=\"_blank\"><img decoding=\"async\" src=\"https:\/\/www.europesays.com\/fr\/wp-content\/uploads\/2025\/11\/lisbonne-funiculaire-63077a-0@1x.jpeg\" alt=\"PATRICIA DE MELO MOREIRA \/ AFP\" loading=\"lazy\" importance=\"low\" fetchpriority=\"low\" class=\"\" aria-hidden=\"true\"\/><\/p>\n<p class=\"jsx-3657663356 ReadMoreArticle__Title\">Lire aussi<\/p>\n<p class=\"jsx-3657663356\">Portugal : le c\u00e9l\u00e8bre funiculaire de Lisbonne d\u00e9raille, au moins 15 morts et plusieurs bless\u00e9s graves<\/p>\n<p><\/a><\/p>\n<p data-module=\"article-paragraph\" class=\"jsx-3046738180 Paragraph Paragraph__End\">La temp\u00eate Claudia a \u00e9galement travers\u00e9 le Pays de Galles. \u00c0 Monmouth, un agriculteur a travaill\u00e9 toute la nuit pour tenter de sauver ses animaux des inondations.\u00a0\u00ab\u00a0Heureusement, nous avons pu rentrer la plupart des vaches. Elles sont \u00e0 l&rsquo;abri, au sec, loin des inondations. Mais il reste quelques moutons dehors. Nous n&rsquo;avons malheureusement pas pu les rentrer \u00e0 temps\u00a0\u00bb, explique Harry.\u00a0<\/p>\n<p>Thibault JEANNIN<\/p>\n","protected":false},"excerpt":{"rendered":"La temp\u00eate Claudia a frapp\u00e9 le Portugal et le Royaume-Uni, ces derniers jours. Une femme britannique de 85&hellip;\n","protected":false},"author":2,"featured_media":537989,"comment_status":"","ping_status":"","sticky":false,"template":"","format":"standard","meta":{"footnotes":""},"categories":[1588],"tags":[1111,11,1921,1777,674,1922,2839,6225,12,6996,473,1853,1851,1850,1852,133,11009],"class_list":{"0":"post-537988","1":"post","2":"type-post","3":"status-publish","4":"format-standard","5":"has-post-thumbnail","7":"category-royaume-uni","8":"tag-actu","9":"tag-actualites","10":"tag-article-video","11":"tag-eu","12":"tag-europe","13":"tag-info","14":"tag-inondations","15":"tag-la-matinale","16":"tag-news","17":"tag-portugal","18":"tag-royaume-uni","19":"tag-royaume-uni-de-grande-bretagne-et-dirlande-du-nord","20":"tag-uk","21":"tag-united-kingdom","22":"tag-united-kingdom-of-great-britain-and-northern-ireland","23":"tag-video","24":"tag-video-meteo-et-intemperies"},"share_on_mastodon":{"url":"https:\/\/pubeurope.com\/@fr\/115558987707439613","error":""},"_links":{"self":[{"href":"https:\/\/www.europesays.com\/fr\/wp-json\/wp\/v2\/posts\/537988","targetHints":{"allow":["GET"]}}],"collection":[{"href":"https:\/\/www.europesays.com\/fr\/wp-json\/wp\/v2\/posts"}],"about":[{"href":"https:\/\/www.europesays.com\/fr\/wp-json\/wp\/v2\/types\/post"}],"author":[{"embeddable":true,"href":"https:\/\/www.europesays.com\/fr\/wp-json\/wp\/v2\/users\/2"}],"replies":[{"embeddable":true,"href":"https:\/\/www.europesays.com\/fr\/wp-json\/wp\/v2\/comments?post=537988"}],"version-history":[{"count":0,"href":"https:\/\/www.europesays.com\/fr\/wp-json\/wp\/v2\/posts\/537988\/revisions"}],"wp:featuredmedia":[{"embeddable":true,"href":"https:\/\/www.europesays.com\/fr\/wp-json\/wp\/v2\/media\/537989"}],"wp:attachment":[{"href":"https:\/\/www.europesays.com\/fr\/wp-json\/wp\/v2\/media?parent=537988"}],"wp:term":[{"taxonomy":"category","embeddable":true,"href":"https:\/\/www.europesays.com\/fr\/wp-json\/wp\/v2\/categories?post=537988"},{"taxonomy":"post_tag","embeddable":true,"href":"https:\/\/www.europesays.com\/fr\/wp-json\/wp\/v2\/tags?post=537988"}],"curies":[{"name":"wp","href":"https:\/\/api.w.org\/{rel}","templated":true}]}}