{"id":537998,"date":"2025-11-16T10:53:16","date_gmt":"2025-11-16T10:53:16","guid":{"rendered":"https:\/\/www.europesays.com\/fr\/537998\/"},"modified":"2025-11-16T10:53:16","modified_gmt":"2025-11-16T10:53:16","slug":"a-grenoble-un-garcon-de-12-ans-grievement-blesse-par-des-tirs","status":"publish","type":"post","link":"https:\/\/www.europesays.com\/fr\/537998\/","title":{"rendered":"A Grenoble, un gar\u00e7on de 12\u00a0ans gri\u00e8vement bless\u00e9 par des tirs"},"content":{"rendered":"<p class=\"paragraph text_align_left lp-f-body-02\">Un jeune adolescent a \u00e9t\u00e9 victime de tirs d\u2019armes \u00e0 feu dans la nuit de samedi \u00e0 ce dimanche \u00e0 <a href=\"https:\/\/www.leparisien.fr\/recherche\/?query=Grenoble\" target=\"_self\" rel=\"nofollow noopener\">Grenoble<\/a> (<a href=\"https:\/\/www.leparisien.fr\/isere-38\/\" target=\"_self\" rel=\"nofollow noopener\">Is\u00e8re<\/a>), selon les informations du <a href=\"https:\/\/www.ledauphine.com\/faits-divers-justice\/2025\/11\/16\/un-garcon-de-14-ans-grievement-blesse-lors-d-une-fusillade-cette-nuit-dans-le-quartier-chorier-berriat\" target=\"_self\" rel=\"nofollow noopener\">Dauphin\u00e9 Lib\u00e9r\u00e9<\/a> confirm\u00e9es par le Parisien.<\/p>\n<p class=\"paragraph text_align_left lp-f-body-02\">Il \u00e9tait 2h55 ce dimanche quand la police est intervenue dans le quartier Choriet-Berriat, \u00e0 l\u2019angle de la rue du Drac et de la rue Boucher-de-Perthes, sur un point de deal connu de la cit\u00e9 grenobloise, apr\u00e8s que des riverains ont signal\u00e9 avoir entendu des d\u00e9tonations et un v\u00e9hicule prendre la fuite.<\/p>\n<p>Bless\u00e9 au dos et aux membres inf\u00e9rieurs<\/p>\n<p class=\"paragraph text_align_left lp-f-body-02\">Sur place, ils ont d\u00e9couvert un mineur de 12 ans et demi en arr\u00eat cardio-respiratoire. Bless\u00e9 par balles au dos et aux membres inf\u00e9rieurs, il a tr\u00e8s rapidement \u00e9t\u00e9 pris en charge par les secours qui sont parvenus \u00e0 le ranimer sur place, puis l\u2019ont transport\u00e9 au CHU, son pronostic vital \u00e9tant engag\u00e9.<\/p>\n<p class=\"paragraph text_align_left lp-f-body-02\">Neuf \u00e9tuis de 9 mm ont \u00e9t\u00e9 d\u00e9couverts sur les lieux. Selon nos informations, le secteur n\u2019est pas couvert par la vid\u00e9oprotection. La DCOS, le nouveau nom de la police judiciaire, est saisie de l\u2019enqu\u00eate. Les enqu\u00eateurs cherchent \u00e0 formellement confirmer l\u2019identit\u00e9 de la jeune victime.<\/p>\n","protected":false},"excerpt":{"rendered":"Un jeune adolescent a \u00e9t\u00e9 victime de tirs d\u2019armes \u00e0 feu dans la nuit de samedi \u00e0 ce&hellip;\n","protected":false},"author":2,"featured_media":537999,"comment_status":"","ping_status":"","sticky":false,"template":"","format":"standard","meta":{"footnotes":""},"categories":[2],"tags":[11,459,118,1011,27,12,25],"class_list":{"0":"post-537998","1":"post","2":"type-post","3":"status-publish","4":"format-standard","5":"has-post-thumbnail","7":"category-actualites","8":"tag-actualites","9":"tag-departements-horsidfo","10":"tag-faits-divers","11":"tag-fr","12":"tag-france","13":"tag-news","14":"tag-republique-francaise"},"share_on_mastodon":{"url":"https:\/\/pubeurope.com\/@fr\/115559006491705014","error":""},"_links":{"self":[{"href":"https:\/\/www.europesays.com\/fr\/wp-json\/wp\/v2\/posts\/537998","targetHints":{"allow":["GET"]}}],"collection":[{"href":"https:\/\/www.europesays.com\/fr\/wp-json\/wp\/v2\/posts"}],"about":[{"href":"https:\/\/www.europesays.com\/fr\/wp-json\/wp\/v2\/types\/post"}],"author":[{"embeddable":true,"href":"https:\/\/www.europesays.com\/fr\/wp-json\/wp\/v2\/users\/2"}],"replies":[{"embeddable":true,"href":"https:\/\/www.europesays.com\/fr\/wp-json\/wp\/v2\/comments?post=537998"}],"version-history":[{"count":0,"href":"https:\/\/www.europesays.com\/fr\/wp-json\/wp\/v2\/posts\/537998\/revisions"}],"wp:featuredmedia":[{"embeddable":true,"href":"https:\/\/www.europesays.com\/fr\/wp-json\/wp\/v2\/media\/537999"}],"wp:attachment":[{"href":"https:\/\/www.europesays.com\/fr\/wp-json\/wp\/v2\/media?parent=537998"}],"wp:term":[{"taxonomy":"category","embeddable":true,"href":"https:\/\/www.europesays.com\/fr\/wp-json\/wp\/v2\/categories?post=537998"},{"taxonomy":"post_tag","embeddable":true,"href":"https:\/\/www.europesays.com\/fr\/wp-json\/wp\/v2\/tags?post=537998"}],"curies":[{"name":"wp","href":"https:\/\/api.w.org\/{rel}","templated":true}]}}