{"id":538004,"date":"2025-11-16T10:58:14","date_gmt":"2025-11-16T10:58:14","guid":{"rendered":"https:\/\/www.europesays.com\/fr\/538004\/"},"modified":"2025-11-16T10:58:14","modified_gmt":"2025-11-16T10:58:14","slug":"corentin-moutet-et-giovanni-mpetshi-perricard-appeles-en-equipe-de-france-pour-la-phase-finale-a-bologne","status":"publish","type":"post","link":"https:\/\/www.europesays.com\/fr\/538004\/","title":{"rendered":"Corentin Moutet et Giovanni Mpetshi Perricard appel\u00e9s en \u00e9quipe de France pour la phase finale \u00e0 Bologne"},"content":{"rendered":"\n<p class=\"c-chapo \">\n  \u00c0 deux jours du d\u00e9but du quart de finale contre la Belgique, le capitaine de l\u2019\u00e9quipe de France \u00e0 la Coupe Davis a appel\u00e9, dimanche, les deux derniers joueurs qui composeront le clan tricolore.\n<\/p>\n<p>      lire plus tard<\/p>\n<p id=\"dialog__title\" class=\"dialog__title\">Pour sauvegarder cet article, connectez-vous ou cr\u00e9ez un compte franceinfo<\/p>\n<p class=\"dialog__description\">Sans paiement. Sans abonnement.<\/p>\n<p>        Fermer la fen\u00eatre d\u2019activation des notifications France Info<\/p>\n<p>      cr\u00e9er votre compte<\/p>\n<p>      se connecter<\/p>\n<p>        Fermer la fen\u00eatre de pr\u00e9sentation<\/p>\n<p>    <img loading=\"lazy\" decoding=\"async\" class=\"signature__image lazyload\" width=\"100\" height=\"100\" data- alt=\"\" src=\"https:\/\/www.europesays.com\/fr\/wp-content\/uploads\/2025\/05\/6488414b9dac6_appo-rond.png\"\/><\/p>\n<p>          France T\u00e9l\u00e9visions &#8211; R\u00e9daction Sport<\/p>\n<p>    Publi\u00e9 le 16\/11\/2025 10:22<\/p>\n<p>        Temps de lecture : 1min<\/p>\n<p>    <img decoding=\"async\"  alt=\"Le Fran\u00e7ais Corentin Moutet au Rolex Paris Masters, \u00e0 Paris La D\u00e9fense Arena, le 29 octobre 2025. (CHRISTOPHE SAIDI \/ SIPA)\" width=\"432\" height=\"243\" src=\"https:\/\/www.europesays.com\/fr\/wp-content\/uploads\/2025\/11\/sipa-01237309-000241-691994fed79f7327114347.jpg\" fetchpriority=\"high\"\/><\/p>\n<p>      Le Fran\u00e7ais Corentin Moutet au Rolex Paris Masters, \u00e0 Paris La D\u00e9fense Arena, le 29 octobre 2025. (CHRISTOPHE SAIDI \/ SIPA)<\/p>\n<p>En cette fin de saison, il a fallu composer avec les \u00e9tats de forme des joueurs tricolores. Apr\u00e8s <a href=\"https:\/\/www.franceinfo.fr\/sports\/tennis\/masters-1000\/masters-1000-de-paris-finaliste-l-an-passe-ugo-humbert-declare-forfait-avant-son-entree-en-lice_7578565.html\" rel=\"nofollow noopener\" target=\"_blank\">la blessure au dos d&rsquo;Ugo Humber<\/a>t, Paul-Henri Mathieu, le capitaine de l\u2019\u00e9quipe de France \u00e0 la Coupe Davis a <a href=\"https:\/\/www.franceinfo.fr\/sports\/tennis\/coupe-davis\/tennis-ugo-humbert-arthur-rinderknech-benjamin-bonzi-et-pierre-hugues-herbert-selectionnes-pour-la-phase-finale-de-la-coupe-davis_7564396.html\" rel=\"nofollow noopener\" target=\"_blank\">d\u00fb trouver un rempla\u00e7ant pour la phase finale<\/a> (du 18 au 20 novembre 2025), et d\u00e9cider d&rsquo;un cinqui\u00e8me homme, volontairement choisi apr\u00e8s le Rolex Paris Masters.<\/p>\n<p>Le capitaine a donc appel\u00e9, dimanche 16 novembre, Corentin Moutet (35e \u00e0 l&rsquo;ATP) et Giovanni Mpetshi Perricard (59e), pour le quart de finale o\u00f9 les Bleus affronteront la Belgique le mardi 18 novembre (\u00e0 partir de 16 heures). La France dispute pour la premi\u00e8re fois depuis 2019 la phase finale de la Coupe Davis.<\/p>\n<p>Corentin Moutet et Giovanni Mpetshi Perricard rejoignent ainsi Benjamin Bonzi (94e), Arthur Rinderknech (29e) et le sp\u00e9cialiste du double <strong\/>Pierre-Hugues Herbert. Il s&rsquo;agit de leur deuxi\u00e8me s\u00e9lection sous le maillot bleu, avec deux matchs jou\u00e9s pour le premier, contre un seul pour le deuxi\u00e8me, et aucune d\u00e9faite.<\/p>\n<p>Pour leur premier \u00ab\u00a0Final 8\u00a0\u00bb depuis le changement de format de la comp\u00e9tition en 2019, les Bleus affronteront la Belgique en quarts de finale le 18 novembre, avec deux simples et un double au programme.<\/p>\n","protected":false},"excerpt":{"rendered":"\u00c0 deux jours du d\u00e9but du quart de finale contre la Belgique, le capitaine de l\u2019\u00e9quipe de France&hellip;\n","protected":false},"author":2,"featured_media":538005,"comment_status":"","ping_status":"","sticky":false,"template":"","format":"standard","meta":{"footnotes":""},"categories":[1415],"tags":[1011,27,60,1467],"class_list":{"0":"post-538004","1":"post","2":"type-post","3":"status-publish","4":"format-standard","5":"has-post-thumbnail","7":"category-tennis","8":"tag-fr","9":"tag-france","10":"tag-sports","11":"tag-tennis"},"share_on_mastodon":{"url":"https:\/\/pubeurope.com\/@fr\/115559028096402714","error":""},"_links":{"self":[{"href":"https:\/\/www.europesays.com\/fr\/wp-json\/wp\/v2\/posts\/538004","targetHints":{"allow":["GET"]}}],"collection":[{"href":"https:\/\/www.europesays.com\/fr\/wp-json\/wp\/v2\/posts"}],"about":[{"href":"https:\/\/www.europesays.com\/fr\/wp-json\/wp\/v2\/types\/post"}],"author":[{"embeddable":true,"href":"https:\/\/www.europesays.com\/fr\/wp-json\/wp\/v2\/users\/2"}],"replies":[{"embeddable":true,"href":"https:\/\/www.europesays.com\/fr\/wp-json\/wp\/v2\/comments?post=538004"}],"version-history":[{"count":0,"href":"https:\/\/www.europesays.com\/fr\/wp-json\/wp\/v2\/posts\/538004\/revisions"}],"wp:featuredmedia":[{"embeddable":true,"href":"https:\/\/www.europesays.com\/fr\/wp-json\/wp\/v2\/media\/538005"}],"wp:attachment":[{"href":"https:\/\/www.europesays.com\/fr\/wp-json\/wp\/v2\/media?parent=538004"}],"wp:term":[{"taxonomy":"category","embeddable":true,"href":"https:\/\/www.europesays.com\/fr\/wp-json\/wp\/v2\/categories?post=538004"},{"taxonomy":"post_tag","embeddable":true,"href":"https:\/\/www.europesays.com\/fr\/wp-json\/wp\/v2\/tags?post=538004"}],"curies":[{"name":"wp","href":"https:\/\/api.w.org\/{rel}","templated":true}]}}