{"id":538008,"date":"2025-11-16T11:03:20","date_gmt":"2025-11-16T11:03:20","guid":{"rendered":"https:\/\/www.europesays.com\/fr\/538008\/"},"modified":"2025-11-16T11:03:20","modified_gmt":"2025-11-16T11:03:20","slug":"psg-mercato-deux-dossiers-deja-boucles-rebondissement-pour-lavenir-de-dembele","status":"publish","type":"post","link":"https:\/\/www.europesays.com\/fr\/538008\/","title":{"rendered":"PSG Mercato : deux dossiers d\u00e9j\u00e0 boucl\u00e9s, rebondissement pour l\u2019avenir de Demb\u00e9l\u00e9 !\u00a0"},"content":{"rendered":"<p><strong>Le PSG a d\u00e9j\u00e0 lanc\u00e9 les grandes manoeuvres en vue du mercato hivernal. Plusieurs dossiers sont d\u00e9j\u00e0 bien avanc\u00e9s.<\/strong><\/p>\n<p>Le <a href=\"https:\/\/www.butfootballclub.fr\/627580-mercato-chevalier-decoit-le-psg-doit-il-recruter-un-gardien-cet-hiver\/\" target=\"_blank\" rel=\"noopener\">PSG<\/a> pr\u00e9pare un mercato de stabilit\u00e9 cet hiver. Alors que les sp\u00e9culations s\u2019encha\u00eenent autour des cadres offensifs, Paris a en r\u00e9alit\u00e9 boucl\u00e9 en interne plusieurs dossiers majeurs. Une strat\u00e9gie claire : verrouiller la base avant d\u2019attaquer les grandes man\u0153uvres.<\/p>\n<p>Selon PSG Inside Actus, \u00ab comme pr\u00e9vu, le PSG proc\u00e9dera \u00e0 plusieurs prolongations et une pr\u00e9sentation group\u00e9e se fera prochainement \u00bb. Et deux noms sont d\u00e9j\u00e0 coch\u00e9s : Willan Pacho et Bradley Barcola, dont les dossiers sont compl\u00e8tement verrouill\u00e9s. Le club a choisi d\u2019anticiper, de s\u00e9curiser et de donner un signal fort aux joueurs-cl\u00e9s.<\/p>\n<p>\u00ab Aucune inqui\u00e9tude pour Demb\u00e9l\u00e9\u00a0\u00bb<\/p>\n<p>Ce n\u2019est pas tout : les prolongations de Fabian Ruiz et du jeune Senny Mayulu sont, toujours selon la m\u00eame source, \u00ab quasiment finalis\u00e9es \u00bb. Preuve que le <a href=\"https:\/\/www.butfootballclub.fr\/1629281-mercato-le-psg-le-fc-barcelone-et-le-real-madrid-sarrachent-le-futur-toni-kroos\/\" target=\"_blank\" rel=\"noopener\">PSG<\/a> mise sur la continuit\u00e9, le m\u00e9lange d\u2019exp\u00e9rience et de jeunesse, et un vestiaire qui doit rester stable autour du projet de Luis Enrique.<\/p>\n<p>Reste le cas qui affole les r\u00e9seaux : Ousmane Demb\u00e9l\u00e9. Ces derni\u00e8res heures, les rumeurs d\u2019un d\u00e9part ont circul\u00e9, mais <a href=\"https:\/\/www.butfootballclub.fr\/1629302-psg-mercato-luis-campos-a-une-idee-a-75-millions-deuros-pour-cet-hiver\/\" target=\"_blank\" rel=\"noopener\">PSG<\/a> Inside Actus se veut cat\u00e9gorique : \u00ab Aucune inqui\u00e9tude pour Demb\u00e9l\u00e9. \u00bb Le message est clair, ferme, sans ambigu\u00eft\u00e9. Paris compte sur lui, et son avenir n\u2019est pas menac\u00e9. En interne, l\u2019id\u00e9e est simple : verrouiller les forces vives avant de frapper plus fort au mercato. Et le PSG, une fois encore, avance plus vite qu\u2019on ne le croit.<\/p>\n","protected":false},"excerpt":{"rendered":"Le PSG a d\u00e9j\u00e0 lanc\u00e9 les grandes manoeuvres en vue du mercato hivernal. Plusieurs dossiers sont d\u00e9j\u00e0 bien&hellip;\n","protected":false},"author":2,"featured_media":538009,"comment_status":"","ping_status":"","sticky":false,"template":"","format":"standard","meta":{"footnotes":""},"categories":[1410],"tags":[11,448,63,1011,27,66,3388,12,60,10662],"class_list":{"0":"post-538008","1":"post","2":"type-post","3":"status-publish","4":"format-standard","5":"has-post-thumbnail","7":"category-football","8":"tag-actualites","9":"tag-champions-league","10":"tag-football","11":"tag-fr","12":"tag-france","13":"tag-ligue-1","14":"tag-matchs","15":"tag-news","16":"tag-sports","17":"tag-transferts"},"share_on_mastodon":{"url":"https:\/\/pubeurope.com\/@fr\/115559045835839978","error":""},"_links":{"self":[{"href":"https:\/\/www.europesays.com\/fr\/wp-json\/wp\/v2\/posts\/538008","targetHints":{"allow":["GET"]}}],"collection":[{"href":"https:\/\/www.europesays.com\/fr\/wp-json\/wp\/v2\/posts"}],"about":[{"href":"https:\/\/www.europesays.com\/fr\/wp-json\/wp\/v2\/types\/post"}],"author":[{"embeddable":true,"href":"https:\/\/www.europesays.com\/fr\/wp-json\/wp\/v2\/users\/2"}],"replies":[{"embeddable":true,"href":"https:\/\/www.europesays.com\/fr\/wp-json\/wp\/v2\/comments?post=538008"}],"version-history":[{"count":0,"href":"https:\/\/www.europesays.com\/fr\/wp-json\/wp\/v2\/posts\/538008\/revisions"}],"wp:featuredmedia":[{"embeddable":true,"href":"https:\/\/www.europesays.com\/fr\/wp-json\/wp\/v2\/media\/538009"}],"wp:attachment":[{"href":"https:\/\/www.europesays.com\/fr\/wp-json\/wp\/v2\/media?parent=538008"}],"wp:term":[{"taxonomy":"category","embeddable":true,"href":"https:\/\/www.europesays.com\/fr\/wp-json\/wp\/v2\/categories?post=538008"},{"taxonomy":"post_tag","embeddable":true,"href":"https:\/\/www.europesays.com\/fr\/wp-json\/wp\/v2\/tags?post=538008"}],"curies":[{"name":"wp","href":"https:\/\/api.w.org\/{rel}","templated":true}]}}