{"id":538018,"date":"2025-11-16T11:10:33","date_gmt":"2025-11-16T11:10:33","guid":{"rendered":"https:\/\/www.europesays.com\/fr\/538018\/"},"modified":"2025-11-16T11:10:33","modified_gmt":"2025-11-16T11:10:33","slug":"los-anos-nuevos-de-rodrigo-sorogoyen-si-on-observe-le-couple-avec-rigueur-on-peut-analyser-la-societe","status":"publish","type":"post","link":"https:\/\/www.europesays.com\/fr\/538018\/","title":{"rendered":"\u00ab\u00a0Los a\u00f1os nuevos\u00a0\u00bb de Rodrigo Sorogoyen\u00a0: \u00ab\u00a0Si on observe le couple avec rigueur, on peut analyser la soci\u00e9t\u00e9\u00a0\u00bb"},"content":{"rendered":"<p>C\u2019est un \u00ab\u00a0tourbillon de la vie\u00a0\u00bb moderne et enlev\u00e9 que filme Rodrigo Sorogoyen avec sa s\u00e9rie en dix chapitres\u00a0Los a\u00f1os nuevos. Comme dans la bande originale du film Jules et Jim, ses protagonistes principaux, Ana et Oscar (Iria del Rio et Francesco Carril), se sont \u00ab\u00a0connus\u00a0\u00bb, \u00ab\u00a0reconnus\u00a0\u00bb, \u00ab\u00a0perdus de vue\u00a0\u00bb, \u00ab\u00a0retrouv\u00e9s\u00a0\u00bb, \u00ab\u00a0r\u00e9chauff\u00e9s\u00a0\u00bb\u2026<\/p>\n<p>Le cin\u00e9aste explore dix ans de leur vie sentimentale, ensemble souvent, chacun de son c\u00f4t\u00e9 parfois, entre coup de foudre et coups d\u2019un soir, engueulades et rabibochages. Le proc\u00e9d\u00e9, centrer le regard du spectateur sur un moment cl\u00e9 de la vie des personnages, est connu. <\/p>\n<p>Mais choisir le Nouvel An pour raconter ces tournants \u2013 ou d\u00e9duire qu\u2019ils ont eu lieu dans l\u2019ann\u00e9e \u2013 est assez malin\u00a0: cela permet, lors de discussions pr\u00e9paratoires du d\u00eener de r\u00e9veillon qui rappellent <a href=\"http:\/\/humanite.fr\/culture-et-savoir\/jean-pierre-bacri\/disparition-bacri-le-bougon-le-plus-sympathique-du-cinema-francais-698888\" target=\"_blank\" rel=\"noopener\">Cuisine et d\u00e9pendances<\/a>, de f\u00eates d\u00e9brid\u00e9es ou de lendemains difficiles, d\u2019aborder l\u2019\u00e9volution du couple, de son entourage, voire de la soci\u00e9t\u00e9.<\/p>\n<p>En vingt-quatre\u00a0heures, on saisit la complexit\u00e9 du couple et au-del\u00e0, des rapports humains. Sans doute la&#8230;<\/p>\n","protected":false},"excerpt":{"rendered":"C\u2019est un \u00ab\u00a0tourbillon de la vie\u00a0\u00bb moderne et enlev\u00e9 que filme Rodrigo Sorogoyen avec sa s\u00e9rie en dix&hellip;\n","protected":false},"author":2,"featured_media":538019,"comment_status":"","ping_status":"","sticky":false,"template":"","format":"standard","meta":{"footnotes":""},"categories":[1354],"tags":[6835,58,59,123,1346,1011,27,1360,65683],"class_list":{"0":"post-538018","1":"post","2":"type-post","3":"status-publish","4":"format-standard","5":"has-post-thumbnail","7":"category-films","8":"tag-arte","9":"tag-divertissement","10":"tag-entertainment","11":"tag-espagne","12":"tag-films","13":"tag-fr","14":"tag-france","15":"tag-movies","16":"tag-su00e9ries-tu00e9lu00e9visu00e9es"},"share_on_mastodon":{"url":"https:\/\/pubeurope.com\/@fr\/115559073416666835","error":""},"_links":{"self":[{"href":"https:\/\/www.europesays.com\/fr\/wp-json\/wp\/v2\/posts\/538018","targetHints":{"allow":["GET"]}}],"collection":[{"href":"https:\/\/www.europesays.com\/fr\/wp-json\/wp\/v2\/posts"}],"about":[{"href":"https:\/\/www.europesays.com\/fr\/wp-json\/wp\/v2\/types\/post"}],"author":[{"embeddable":true,"href":"https:\/\/www.europesays.com\/fr\/wp-json\/wp\/v2\/users\/2"}],"replies":[{"embeddable":true,"href":"https:\/\/www.europesays.com\/fr\/wp-json\/wp\/v2\/comments?post=538018"}],"version-history":[{"count":0,"href":"https:\/\/www.europesays.com\/fr\/wp-json\/wp\/v2\/posts\/538018\/revisions"}],"wp:featuredmedia":[{"embeddable":true,"href":"https:\/\/www.europesays.com\/fr\/wp-json\/wp\/v2\/media\/538019"}],"wp:attachment":[{"href":"https:\/\/www.europesays.com\/fr\/wp-json\/wp\/v2\/media?parent=538018"}],"wp:term":[{"taxonomy":"category","embeddable":true,"href":"https:\/\/www.europesays.com\/fr\/wp-json\/wp\/v2\/categories?post=538018"},{"taxonomy":"post_tag","embeddable":true,"href":"https:\/\/www.europesays.com\/fr\/wp-json\/wp\/v2\/tags?post=538018"}],"curies":[{"name":"wp","href":"https:\/\/api.w.org\/{rel}","templated":true}]}}