{"id":538026,"date":"2025-11-16T11:14:11","date_gmt":"2025-11-16T11:14:11","guid":{"rendered":"https:\/\/www.europesays.com\/fr\/538026\/"},"modified":"2025-11-16T11:14:11","modified_gmt":"2025-11-16T11:14:11","slug":"vendu-chez-sephora-ce-serum-aux-ingredients-revolutionnaires-booste-de-300-le-collagene-de-la-peau","status":"publish","type":"post","link":"https:\/\/www.europesays.com\/fr\/538026\/","title":{"rendered":"vendu chez Sephora, ce s\u00e9rum aux ingr\u00e9dients r\u00e9volutionnaires booste de 300% le collag\u00e8ne de la peau"},"content":{"rendered":"<p>Et si votre prochain soin digne d\u2019un institut ne n\u00e9cessitait ni<br \/>\nrendez-vous ni d\u00e9placement ? Avec le nouveau s\u00e9rum de la marque<br \/>\nanglaise The Inkey List, c\u2019est d\u00e9sormais possible.<\/p>\n<p>Cette p\u00e9pite, disponible chez Sephora, renferme en effet une<br \/>\n<strong>technologie jusque-l\u00e0 r\u00e9serv\u00e9e aux traitements cliniques<br \/>\nprofessionnels<\/strong>. R\u00e9sultat annonc\u00e9 ? Une peau \u00e9clatante et<br \/>\nun <a href=\"https:\/\/www.mariefrance.fr\/beaute\/aroma-zone-cet-actif-anti-age-a-moins-de-5-euros-lisse-les-rides-profondes-et-reduit-leur-profondeur-de-9-1218951.html\" target=\"_blank\" rel=\"noopener\"><br \/>\neffet rajeunissant<\/a>\u2026 en <strong>seulement 14 jours<\/strong>. Le<br \/>\npetit glow dont on r\u00eave toutes, accessible en quelques gestes,<br \/>\ndirectement chez soi.<\/p>\n<p>300 % de collag\u00e8ne en plus avec ce s\u00e9rum The Inkey List<\/p>\n<p>Le <strong>Exosome Hydro-Glow Complex de The Inkey List<\/strong><br \/>\nest un s\u00e9rum v\u00e9ritablement r\u00e9volutionnaire. Sa particularit\u00e9 ?<br \/>\nL\u2019utilisation des <strong>exosomes<\/strong>, de minuscules<br \/>\nv\u00e9sicules (300 fois plus petites qu\u2019un pore) naturellement<br \/>\nproduites par les cellules de notre corps et p\u00e9n\u00e9trant profond\u00e9ment<br \/>\ndans les couches superficielles de la peau pour agir l\u00e0 o\u00f9 elle en<br \/>\na le plus besoin. Un ingr\u00e9dient qui <strong>stimule la production<br \/>\nde collag\u00e8ne jusqu\u2019\u00e0 300 %, r\u00e9duit l\u2019inflammation de 55 % et<br \/>\nfavorise la r\u00e9paration cutan\u00e9e de 63 % en 8 heures<\/strong>, selon<br \/>\nles \u00e9tudes cliniques men\u00e9es par la marque<\/p>\n<p>En plus des 3 millions d&rsquo;exosomes d&rsquo;origine v\u00e9g\u00e9tale dans chaque<br \/>\nflacon, il y a \u00e9galement de l\u2019extrait de poire de Barbarie pour une<br \/>\n<a href=\"https:\/\/www.mariefrance.fr\/beaute\/nivea-en-7-jours-le-teint-est-lisse-cet-exfoliant-doux-elimine-les-taches-et-resserre-les-pores-comme-par-magie-1211107.html\" target=\"_blank\" rel=\"noopener\"><br \/>\nexfoliation<\/a> douce, 1\u202f% de Kollar\u00e8ne pour raffermir la peau,<br \/>\nainsi que l\u2019Acide Hyaluronique et l\u2019Ecto\u00efne, qui soutiennent la<br \/>\nbarri\u00e8re cutan\u00e9e et garantissent jusqu\u2019\u00e0 12\u202fheures<br \/>\nd\u2019hydratation.\u00a0<img loading=\"lazy\" decoding=\"async\" itemprop=\"thumbnailUrl\" class=\"alignnone size-large wp-image-1219921 img-responsive\" src=\"https:\/\/www.europesays.com\/fr\/wp-content\/uploads\/2025\/11\/serum-collagene-1200x1200.jpeg\" alt=\"\" width=\"1200\" height=\"1200\"\/> \u00a9 The Inkey<br \/>\nList<\/p>\n<p>Un concentr\u00e9 de glow \u00e0 un prix<br \/>\nabordable<\/p>\n<p>\u00c0 ces bienfaits s\u2019ajoute un vrai plaisir d\u2019utilisation : la<br \/>\n<strong>texture cr\u00e9meuse et l\u00e9g\u00e8re<\/strong> du s\u00e9rum fond<br \/>\ninstantan\u00e9ment dans la peau, sans aucun effet collant. Parfait pour<br \/>\nle matin comme pour le soir, il se <strong>superpose ais\u00e9ment \u00e0<br \/>\ntous les autres soins<\/strong> et m\u00eame au maquillage. Il suffit<br \/>\nd\u2019en appliquer une noisette sur le visage et le cou, juste apr\u00e8s le<br \/>\nnettoyage, suivi des soins habituels. Il devient ainsi un pr\u00e9cieux<br \/>\nalli\u00e9 pour stimuler l\u2019\u00e9clat, lisser et renouveler la peau en deux<br \/>\nsemaines.\u00a0<\/p>\n<p>C\u00f4t\u00e9 prix, le Exosome Hydro-Glow Complex de The Inkey List est<br \/>\nvendu \u00e0 <strong>25 euros pour 30 ml<\/strong>, ce qui est plut\u00f4t<br \/>\ncorrect pour un soin du visage autant performant.\u00a0<\/p>\n<blockquote class=\"instagram-media\" style=\"background: #ffffff;border: 0;margin: 1px;width: 100%;padding: 0;max-width: 500px;\" data-instgrm-permalink=\"https:\/\/www.instagram.com\/reel\/DPrTM5mgMUT\/?utm_source=ig_web_copy_link&amp;igsh=NTc4MTIwNjQ2YQ==\" data-instgrm-version=\"14\"\/>\n<p><script async src=\"\/\/www.instagram.com\/embed.js\"><\/script><\/p>\n","protected":false},"excerpt":{"rendered":"Et si votre prochain soin digne d\u2019un institut ne n\u00e9cessitait ni rendez-vous ni d\u00e9placement ? Avec le nouveau&hellip;\n","protected":false},"author":2,"featured_media":538027,"comment_status":"","ping_status":"","sticky":false,"template":"","format":"standard","meta":{"footnotes":""},"categories":[7],"tags":[1011,27,16967,43,40,41,39,42,44],"class_list":{"0":"post-538026","1":"post","2":"type-post","3":"status-publish","4":"format-standard","5":"has-post-thumbnail","7":"category-sciences-et-technologies","8":"tag-fr","9":"tag-france","10":"tag-produits-de-beaute","11":"tag-science","12":"tag-science-and-technology","13":"tag-sciences","14":"tag-sciences-et-technologies","15":"tag-technologies","16":"tag-technology"},"share_on_mastodon":{"url":"https:\/\/pubeurope.com\/@fr\/115559089976025286","error":""},"_links":{"self":[{"href":"https:\/\/www.europesays.com\/fr\/wp-json\/wp\/v2\/posts\/538026","targetHints":{"allow":["GET"]}}],"collection":[{"href":"https:\/\/www.europesays.com\/fr\/wp-json\/wp\/v2\/posts"}],"about":[{"href":"https:\/\/www.europesays.com\/fr\/wp-json\/wp\/v2\/types\/post"}],"author":[{"embeddable":true,"href":"https:\/\/www.europesays.com\/fr\/wp-json\/wp\/v2\/users\/2"}],"replies":[{"embeddable":true,"href":"https:\/\/www.europesays.com\/fr\/wp-json\/wp\/v2\/comments?post=538026"}],"version-history":[{"count":0,"href":"https:\/\/www.europesays.com\/fr\/wp-json\/wp\/v2\/posts\/538026\/revisions"}],"wp:featuredmedia":[{"embeddable":true,"href":"https:\/\/www.europesays.com\/fr\/wp-json\/wp\/v2\/media\/538027"}],"wp:attachment":[{"href":"https:\/\/www.europesays.com\/fr\/wp-json\/wp\/v2\/media?parent=538026"}],"wp:term":[{"taxonomy":"category","embeddable":true,"href":"https:\/\/www.europesays.com\/fr\/wp-json\/wp\/v2\/categories?post=538026"},{"taxonomy":"post_tag","embeddable":true,"href":"https:\/\/www.europesays.com\/fr\/wp-json\/wp\/v2\/tags?post=538026"}],"curies":[{"name":"wp","href":"https:\/\/api.w.org\/{rel}","templated":true}]}}