{"id":538060,"date":"2025-11-16T11:38:12","date_gmt":"2025-11-16T11:38:12","guid":{"rendered":"https:\/\/www.europesays.com\/fr\/538060\/"},"modified":"2025-11-16T11:38:12","modified_gmt":"2025-11-16T11:38:12","slug":"en-corse-la-fragilite-du-requin-ange-dans-lun-de-ses-derniers-refuges","status":"publish","type":"post","link":"https:\/\/www.europesays.com\/fr\/538060\/","title":{"rendered":"En Corse, la fragilit\u00e9 du requin-ange dans l\u2019un de ses derniers refuges"},"content":{"rendered":"\n<p>Il fut un temps o\u00f9 il \u00e9tait partout en M\u00e9diterran\u00e9e et en Atlantique Nord. Il a m\u00eame donn\u00e9 son nom \u00e0 la \u00ab baie des anges\u00a0\u00bb, entre Nice et Antibes. Avec ses allures de raie et ses ailerons de requin, l\u2019\u00ab\u00a0ange de mer commun\u00a0\u00bb, ou requin-ange, a disparu de 90% de son aire de r\u00e9partition historique en un si\u00e8cle. Il ne subsiste que dans de rares endroits aux \u00eeles Canaries, en Croatie, en Gr\u00e8ce et en Libye, par exemple. Et en Corse : \u00ab\u00a0Nous savions que cette population corse existait car les p\u00eacheurs en remontent dans leurs filets, mais nous n\u2019en savions pas plus, r\u00e9sume Nadia Faure, doctorante au Centre d\u2019\u00e9cologie fonctionnelle et \u00e9volutive de Montpellier qui publie une \u00e9tude dans Ecology &amp; Evolution sur cette population situ\u00e9e entre Bastia et Solenzara. Il fallait mieux conna\u00eetre cette esp\u00e8ce qui semble encore vivre en Corse pour aider \u00e0 la pr\u00e9server, car elle joue un r\u00f4le important dans l\u2019\u00e9cosyst\u00e8me marin\u00a0\u00bb.<\/p>\n<p>Totalement inoffensif pour l\u2019humain, le requin-ange se nourrit de petits poissons. Il vit au fond de l\u2019eau, tapi sous le sol sableux et surgit au passage d\u2019une proie. Et il est tr\u00e8s discret\u00a0: \u00ab\u00a0Il est tr\u00e8s difficile \u00e0 observer, m\u00eame en plong\u00e9e\u00a0\u00bb, indique Nadia Faure. Hormis aux \u00eeles Canaries, o\u00f9 il est encore pr\u00e9sent en assez grand nombre. Mais en Corse, personne ne sait combien ils sont. \u00ab\u00a0Cela le rend myst\u00e9rieux\u00a0\u00bb, glisse-t-elle.<\/p>\n<p>Consanguinit\u00e9<\/p>\n<p>Avec l\u2019aide de p\u00eacheurs volontaires, elle et ses coll\u00e8gues ont collect\u00e9 des \u00e9chantillons de peau d\u2019une centaine d\u2019individus remont\u00e9s dans les filets avant d\u2019\u00eatre rel\u00e2ch\u00e9s. \u00ab\u00a0L\u2019analyse g\u00e9nomique indique qu\u2019il s\u2019agit d\u2019une population peu nombreuse et tr\u00e8s consanguine, probablement peu viable sur le long terme\u00a0\u00bb, r\u00e9sume Nadia Faure. Il s\u2019agit en effet d\u2019une m\u00eame population g\u00e9n\u00e9tique sur toute la c\u00f4te Est de l\u2019\u00eele. \u00ab\u00a0C\u2019est-\u00e0-dire qu\u2019ils sont tr\u00e8s proches g\u00e9n\u00e9tiquement\u00a0\u00bb, pr\u00e9cise la chercheuse. Et probablement plus proches qu\u2019ils ne le seraient d\u2019autres populations m\u00e9diterran\u00e9ennes avec qui il n\u2019y a pas d\u2019\u00e9change de g\u00e8nes. \u00ab\u00a0Car ils se d\u00e9placent peu, restent pr\u00e8s des c\u00f4tes et ne s\u2019aventurent pas l\u00e0 o\u00f9 il y a du fond\u00a0\u00bb, ajoute-t-elle. De plus, sur la centaine de requins-anges s\u00e9quenc\u00e9s, 35 paires d\u2019individus pr\u00e9sentaient un lien de parent\u00e9.<\/p>\n<p>Enfin, l\u2019analyse g\u00e9nomique et des calculs th\u00e9oriques ont permis d\u2019estimer la \u00ab\u00a0population effective\u00a0\u00bb, c\u2019est-\u00e0-dire le nombre d\u2019individus participant \u00e0 la reproduction : ils seraient entre 209 et 453. \u00ab\u00a0C\u2019est tr\u00e8s peu\u00a0\u00bb, commente Nadia Faure. M\u00eame au regard des individus que remontent les p\u00eacheurs\u00a0: certains parlent de centaines de requins-anges parfois pris dans les filets. \u00ab\u00a0C\u2019est difficile d\u2019avoir un comptage exhaustif\u00a0\u00bb, ajoute la chercheuse. Peut-\u00eatre sont-ils beaucoup plus. \u00ab\u00a0Mais cette estimation basse d\u2019individus reproducteurs t\u00e9moigne d\u2019une population mal en point\u00a0\u00bb, regrette-t-elle. D\u2019o\u00f9 l\u2019urgence d\u2019imaginer des mesures pour en prendre soin.<\/p>\n","protected":false},"excerpt":{"rendered":"Il fut un temps o\u00f9 il \u00e9tait partout en M\u00e9diterran\u00e9e et en Atlantique Nord. Il a m\u00eame donn\u00e9&hellip;\n","protected":false},"author":2,"featured_media":538061,"comment_status":"","ping_status":"","sticky":false,"template":"","format":"standard","meta":{"footnotes":""},"categories":[2819],"tags":[4405,1111,11,1777,674,1011,27,12,2401,882,25],"class_list":{"0":"post-538060","1":"post","2":"type-post","3":"status-publish","4":"format-standard","5":"has-post-thumbnail","7":"category-nice","8":"tag-weekend","9":"tag-actu","10":"tag-actualites","11":"tag-eu","12":"tag-europe","13":"tag-fr","14":"tag-france","15":"tag-news","16":"tag-nice","17":"tag-provence-alpes-cote-dazur","18":"tag-republique-francaise"},"share_on_mastodon":{"url":"https:\/\/pubeurope.com\/@fr\/115559183620352631","error":""},"_links":{"self":[{"href":"https:\/\/www.europesays.com\/fr\/wp-json\/wp\/v2\/posts\/538060","targetHints":{"allow":["GET"]}}],"collection":[{"href":"https:\/\/www.europesays.com\/fr\/wp-json\/wp\/v2\/posts"}],"about":[{"href":"https:\/\/www.europesays.com\/fr\/wp-json\/wp\/v2\/types\/post"}],"author":[{"embeddable":true,"href":"https:\/\/www.europesays.com\/fr\/wp-json\/wp\/v2\/users\/2"}],"replies":[{"embeddable":true,"href":"https:\/\/www.europesays.com\/fr\/wp-json\/wp\/v2\/comments?post=538060"}],"version-history":[{"count":0,"href":"https:\/\/www.europesays.com\/fr\/wp-json\/wp\/v2\/posts\/538060\/revisions"}],"wp:featuredmedia":[{"embeddable":true,"href":"https:\/\/www.europesays.com\/fr\/wp-json\/wp\/v2\/media\/538061"}],"wp:attachment":[{"href":"https:\/\/www.europesays.com\/fr\/wp-json\/wp\/v2\/media?parent=538060"}],"wp:term":[{"taxonomy":"category","embeddable":true,"href":"https:\/\/www.europesays.com\/fr\/wp-json\/wp\/v2\/categories?post=538060"},{"taxonomy":"post_tag","embeddable":true,"href":"https:\/\/www.europesays.com\/fr\/wp-json\/wp\/v2\/tags?post=538060"}],"curies":[{"name":"wp","href":"https:\/\/api.w.org\/{rel}","templated":true}]}}