{"id":538080,"date":"2025-11-16T11:52:11","date_gmt":"2025-11-16T11:52:11","guid":{"rendered":"https:\/\/www.europesays.com\/fr\/538080\/"},"modified":"2025-11-16T11:52:11","modified_gmt":"2025-11-16T11:52:11","slug":"les-plus-gros-rates-du-mandat-de-bruno-bernard","status":"publish","type":"post","link":"https:\/\/www.europesays.com\/fr\/538080\/","title":{"rendered":"les plus gros rat\u00e9s du mandat de Bruno Bernard"},"content":{"rendered":"<p><strong>La gouvernance :<\/strong><\/p>\n<p>R\u00e9elle ou pas, il y a eu en sortie de Covid la menace d\u2019un Metropolexit port\u00e9 par les maires de dizaines de communes, furieux de ne pas \u00eatre consult\u00e9s par l\u2019\u00e9cologiste, qui a mis quelques ann\u00e9es avant de se d\u00e9placer dans tout le territoire.<\/p>\n<p>Encore aujourd\u2019hui, Bruno Bernard a la r\u00e9putation de passer trop souvent en force, sans consulter les premiers concern\u00e9s. Le cas d\u2019Oullins, sa ville de c\u0153ur qu\u2019il esp\u00e8re voir devenir verte en mars prochain, est flagrant.<\/p>\n<p><strong>Le s\u00e9quen\u00e7age des travaux :<\/strong><\/p>\n<p>A cause du Covid, mais aussi d\u2019une impr\u00e9paration li\u00e9e \u00e0 leur victoire surprise, de nombreux chantiers n\u2019ont \u00e9t\u00e9 lanc\u00e9s qu\u2019\u00e0 mi-mandat. Et pour pouvoir couper des rubans de projets qui leur appartenaient et leur ressemblaient, il fallait \u00e9videmment mettre l\u2019agglom\u00e9ration sens dessus dessous, \u00e9ventrer le sol \u00e0 tout-va.<\/p>\n<p>En r\u00e9sulte une paralysie globale et totale de la circulation en divers endroits strat\u00e9giques, donnant l\u2019impression pas forc\u00e9ment usurp\u00e9e que les axes lyonnais n\u2019avaient plus rien \u00e0 envier \u00e0 ceux des m\u00e9galopoles asiatiques ou sud-am\u00e9ricaines\u2026<\/p>\n<p><strong>L\u2019incarnation et la rencontre des habitants :<\/strong><\/p>\n<p>Difficile quand on est \u00e0 la t\u00eate d\u2019un tel paquebot sans autre mandat local de faire du terrain et de se faire conna\u00eetre aupr\u00e8s des \u00e9lecteurs. Surtout quand beaucoup ne comprennent pas les sp\u00e9cificit\u00e9s de la M\u00e9tropole. N\u2019ayant pas d\u2019exp\u00e9rience marquante d\u2019\u00e9lu local par ailleurs, Bruno Bernard a rat\u00e9 ce virage du contact humain.<\/p>\n<p>M\u00eame ses portraits \u00e0 la Une du magazine m\u00e9tropolitain et des panneaux publicitaires n\u2019ont pas eu l\u2019effet wahou esp\u00e9r\u00e9.<\/p>\n<p><strong>Pas de court-termisme :<\/strong><\/p>\n<p>Un \u00e9lu doit satisfaire rapidement, si ce n\u2019est imm\u00e9diatement, les habitants de son territoire. Or, pour rattraper le retard imput\u00e9 \u00e0 G\u00e9rard Collomb en mati\u00e8re de v\u00e9g\u00e9talisation, de r\u00e9novation et d\u2019adaptation au r\u00e9chauffement climatique, les chantiers ont \u00e9t\u00e9 lanc\u00e9s pour des r\u00e9sultats visibles d\u2019ici 5 ou 10 ans.<\/p>\n<p>Les Grands Lyonnais voulaient des arbres, de la fra\u00eecheur, de l\u2019apaisement. Ils ont eu la fureur des chantiers et des plantations sauvages, et ils ont toujours aussi chaud l\u2019\u00e9t\u00e9.<\/p>\n","protected":false},"excerpt":{"rendered":"La gouvernance : R\u00e9elle ou pas, il y a eu en sortie de Covid la menace d\u2019un Metropolexit&hellip;\n","protected":false},"author":2,"featured_media":538081,"comment_status":"","ping_status":"","sticky":false,"template":"","format":"standard","meta":{"footnotes":""},"categories":[1889],"tags":[1111,11,2813,2190,2430,1109,251,1112,2811,1777,674,118,1011,27,1922,1110,1114,2428,2810,12,241,316,25,2812,517,800],"class_list":{"0":"post-538080","1":"post","2":"type-post","3":"status-publish","4":"format-standard","5":"has-post-thumbnail","7":"category-lyon","8":"tag-actu","9":"tag-actualites","10":"tag-article","11":"tag-asvel","12":"tag-auvergne-rhone-alpes","13":"tag-breves","14":"tag-culture","15":"tag-depeches","16":"tag-economique","17":"tag-eu","18":"tag-europe","19":"tag-faits-divers","20":"tag-fr","21":"tag-france","22":"tag-info","23":"tag-informations","24":"tag-infos","25":"tag-lyon","26":"tag-lyonmag","27":"tag-news","28":"tag-ol","29":"tag-politique","30":"tag-republique-francaise","31":"tag-sociale","32":"tag-sport","33":"tag-transports"},"share_on_mastodon":{"url":"https:\/\/pubeurope.com\/@fr\/115559238446175508","error":""},"_links":{"self":[{"href":"https:\/\/www.europesays.com\/fr\/wp-json\/wp\/v2\/posts\/538080","targetHints":{"allow":["GET"]}}],"collection":[{"href":"https:\/\/www.europesays.com\/fr\/wp-json\/wp\/v2\/posts"}],"about":[{"href":"https:\/\/www.europesays.com\/fr\/wp-json\/wp\/v2\/types\/post"}],"author":[{"embeddable":true,"href":"https:\/\/www.europesays.com\/fr\/wp-json\/wp\/v2\/users\/2"}],"replies":[{"embeddable":true,"href":"https:\/\/www.europesays.com\/fr\/wp-json\/wp\/v2\/comments?post=538080"}],"version-history":[{"count":0,"href":"https:\/\/www.europesays.com\/fr\/wp-json\/wp\/v2\/posts\/538080\/revisions"}],"wp:featuredmedia":[{"embeddable":true,"href":"https:\/\/www.europesays.com\/fr\/wp-json\/wp\/v2\/media\/538081"}],"wp:attachment":[{"href":"https:\/\/www.europesays.com\/fr\/wp-json\/wp\/v2\/media?parent=538080"}],"wp:term":[{"taxonomy":"category","embeddable":true,"href":"https:\/\/www.europesays.com\/fr\/wp-json\/wp\/v2\/categories?post=538080"},{"taxonomy":"post_tag","embeddable":true,"href":"https:\/\/www.europesays.com\/fr\/wp-json\/wp\/v2\/tags?post=538080"}],"curies":[{"name":"wp","href":"https:\/\/api.w.org\/{rel}","templated":true}]}}