{"id":538082,"date":"2025-11-16T11:53:12","date_gmt":"2025-11-16T11:53:12","guid":{"rendered":"https:\/\/www.europesays.com\/fr\/538082\/"},"modified":"2025-11-16T11:53:12","modified_gmt":"2025-11-16T11:53:12","slug":"metropole-de-lyon-vitaa-annonce-faire-une-pause-dans-sa-carriere-a-la-fin-de-son-concert-a-la-ldlc-arena","status":"publish","type":"post","link":"https:\/\/www.europesays.com\/fr\/538082\/","title":{"rendered":"M\u00e9tropole de Lyon. Vitaa annonce faire une pause dans sa carri\u00e8re \u00e0 la fin de son concert \u00e0 la LDLC Arena"},"content":{"rendered":"<p>\u00ab\u00a0Je vais repartir dans\u00a0l\u2019ombre.\u00a0\u00bb \u00c0 la fin de son concert \u00e0 Lyon, ce samedi 15\u00a0novembre, la chanteuse Vitaa n\u2019a pas pu cacher son \u00e9motion. Devant ses fans, l\u2019artiste ayant grandi \u00e0 Lucenay et Chevinay dans le Rh\u00f4ne a annonc\u00e9 publiquement la mise en pause de sa carri\u00e8re musicale.<\/p>\n<p>Il ne reste plus que quatre dates (une \u00e0 Chamb\u00e9ry et trois \u00e0 Boulogne-Billancourt) pour profiter une derni\u00e8re fois de ses chansons.<\/p>\n","protected":false},"excerpt":{"rendered":"\u00ab\u00a0Je vais repartir dans\u00a0l\u2019ombre.\u00a0\u00bb \u00c0 la fin de son concert \u00e0 Lyon, ce samedi 15\u00a0novembre, la chanteuse Vitaa&hellip;\n","protected":false},"author":2,"featured_media":538083,"comment_status":"","ping_status":"","sticky":false,"template":"","format":"standard","meta":{"footnotes":""},"categories":[1889],"tags":[1111,11,2430,65686,1687,4624,9771,3152,3155,3156,1777,674,1011,27,65685,2428,873,12,2661,18283,25,2429,104],"class_list":{"0":"post-538082","1":"post","2":"type-post","3":"status-publish","4":"format-standard","5":"has-post-thumbnail","7":"category-lyon","8":"tag-actu","9":"tag-actualites","10":"tag-auvergne-rhone-alpes","11":"tag-chevinay","12":"tag-culture-loisirs","13":"tag-decines-charpieu","14":"tag-desinfox","15":"tag-edition-est-lyonnais","16":"tag-edition-tarare","17":"tag-edition-villefranche","18":"tag-eu","19":"tag-europe","20":"tag-fr","21":"tag-france","22":"tag-lucenay","23":"tag-lyon","24":"tag-musique","25":"tag-news","26":"tag-patrimoine-culturel","27":"tag-plaine-de-lest","28":"tag-republique-francaise","29":"tag-rhone","30":"tag-societe"},"share_on_mastodon":{"url":"https:\/\/pubeurope.com\/@fr\/115559242336792390","error":""},"_links":{"self":[{"href":"https:\/\/www.europesays.com\/fr\/wp-json\/wp\/v2\/posts\/538082","targetHints":{"allow":["GET"]}}],"collection":[{"href":"https:\/\/www.europesays.com\/fr\/wp-json\/wp\/v2\/posts"}],"about":[{"href":"https:\/\/www.europesays.com\/fr\/wp-json\/wp\/v2\/types\/post"}],"author":[{"embeddable":true,"href":"https:\/\/www.europesays.com\/fr\/wp-json\/wp\/v2\/users\/2"}],"replies":[{"embeddable":true,"href":"https:\/\/www.europesays.com\/fr\/wp-json\/wp\/v2\/comments?post=538082"}],"version-history":[{"count":0,"href":"https:\/\/www.europesays.com\/fr\/wp-json\/wp\/v2\/posts\/538082\/revisions"}],"wp:featuredmedia":[{"embeddable":true,"href":"https:\/\/www.europesays.com\/fr\/wp-json\/wp\/v2\/media\/538083"}],"wp:attachment":[{"href":"https:\/\/www.europesays.com\/fr\/wp-json\/wp\/v2\/media?parent=538082"}],"wp:term":[{"taxonomy":"category","embeddable":true,"href":"https:\/\/www.europesays.com\/fr\/wp-json\/wp\/v2\/categories?post=538082"},{"taxonomy":"post_tag","embeddable":true,"href":"https:\/\/www.europesays.com\/fr\/wp-json\/wp\/v2\/tags?post=538082"}],"curies":[{"name":"wp","href":"https:\/\/api.w.org\/{rel}","templated":true}]}}